{"id":2073,"date":"2022-12-07T14:27:15","date_gmt":"2022-12-07T13:27:15","guid":{"rendered":"https:\/\/reflectyourstyle.ch\/?p=2073"},"modified":"2025-01-16T16:27:09","modified_gmt":"2025-01-16T15:27:09","slug":"changement-climatique-et-textiles","status":"publish","type":"post","link":"https:\/\/reflectyourstyle.ch\/fr\/changement-climatique-et-textiles\/","title":{"rendered":"Changement climatique et textiles"},"content":{"rendered":"<div class=\"double-image\">\n\t\t\t<teaser>\n\t\t\t<p><a href=\"https:\/\/www.myclimate.org\/de\/?etcc_med=SEA&amp;etcc_par=Google&amp;etcc_cmp=%5Bmyclimate%5D_DE_Schweiz&amp;etcc_grp=83056223913&amp;etcc_bky=myclimate&amp;etcc_mty=e&amp;etcc_plc=&amp;etcc_ctv=393589870758&amp;etcc_bde=c&amp;etcc_var=Cj0KCQiAkMGcBhCSARIsAIW6d0D6OUegDkFo6mVq92fiypZs0BxqKG1PYQYvT35MzNm6S9PQULrS8R0aAmoyEALw_wcB&amp;gclid=Cj0KCQiAkMGcBhCSARIsAIW6d0D6OUegDkFo6mVq92fiypZs0BxqKG1PYQYvT35MzNm6S9PQULrS8R0aAmoyEALw_wcB\" target=\"_blank\" rel=\"noopener\"><b>myclimate<\/b><\/a>, organisation d\u2019utilit\u00e9 publique, est votre partenaire engag\u00e9 dans la protection efficace du climat au niveau mondial et local. Avec des partenaires de l\u2019\u00e9conomie ainsi que des particuliers, myclimate souhaite pr\u00e9parer l\u2019avenir de la plan\u00e8te \u00e0 travers des offres de conseil et de formation ainsi qu\u2019en proposant ses propres projets.<\/p>\n\t\t<\/teaser>\n\t\t<img decoding=\"async\" src=\"https:\/\/reflectyourstyle.ch\/wp-content\/uploads\/2022\/12\/AdobeStock_456854448-scaled.jpeg\" alt=\"\" title=\"water beading on fabric. Waterproof coating background with water drops. soft focus, blur\">\n\t<img decoding=\"async\" src=\"https:\/\/reflectyourstyle.ch\/wp-content\/uploads\/2022\/12\/AdobeStock_333095849-scaled-e1670421482540.jpeg\" alt=\"\" title=\"Traveler mountains\">\n<\/div>\n\n\n\n<h2 class=\"wp-block-heading\">Changement climatique et textiles<\/h2>\n\n\n\n<p><strong>On le sait&nbsp;: il faut r\u00e9duire nettement l\u2019empreinte carbone de la population mondiale si on veut limiter la hausse des temp\u00e9ratures \u00e0 2&nbsp;<sup>o<\/sup>C ou, encore mieux, \u00e0 1,5&nbsp;<sup>o<\/sup>C par rapport aux niveaux pr\u00e9industriels (1850). Une n\u00e9cessit\u00e9 encore plus imp\u00e9rieuse dans un pays comme la Suisse, dont le bilan carbone est de 14&nbsp;tonnes de CO<sub>2<\/sub> par habitant et par an (*). Dans le domaine de l\u2019habillement, quelques gestes tr\u00e8s simples permettent d\u2019aller dans la bonne direction.<\/strong><\/p>\n\n\n\n<p>Selon le dernier rapport du Groupe d\u2019experts intergouvernemental sur l\u2019\u00e9volution du climat (GIEC), les activit\u00e9s humaines ont provoqu\u00e9 un r\u00e9chauffement plan\u00e9taire d\u2019environ 1&nbsp;<sup>o<\/sup>C au-dessus des niveaux pr\u00e9industriels. Mais cette augmentation varie beaucoup d\u2019une r\u00e9gion \u00e0 l\u2019autre&nbsp;: en Suisse, elle avoisine d\u00e9j\u00e0 les 2&nbsp;<sup>o<\/sup>C. Si les \u00e9missions mondiales restent au niveau actuel, la barre du 1,5&nbsp;<sup>o<\/sup>C d\u2019augmentation pourrait d\u00e9j\u00e0 \u00eatre franchie en 2030. Pour limiter cette progression \u00e0 1,5&nbsp;<sup>o<\/sup>C, des mesures draconiennes doivent \u00eatre adopt\u00e9es ces prochaines ann\u00e9es \u00e0 l\u2019\u00e9chelon international.<\/p>\n\n\n\n<h4 class=\"wp-block-heading\">La fast fashion entra\u00eene une consommation \u00e9lev\u00e9e d&rsquo;eau et d&rsquo;\u00e9nergie<\/h4>\n\n\n\n<p>Le secteur qui g\u00e9n\u00e8re le plus d\u2019\u00e9missions, avec une part de 32&nbsp;%, est celui des transports, suivi de l\u2019industrie. Nous contribuons directement et indirectement \u00e0 ces \u00e9missions par nos activit\u00e9s quotidiennes, notre style de vie et nos habitudes de consommation. Souvent, les personnes qui optent pour la <em>fast fashion<\/em> ne sont pas conscientes de l\u2019\u00e9norme quantit\u00e9 d\u2019eau et d\u2019\u00e9nergie qui en est le corollaire, de la production des mati\u00e8res premi\u00e8res \u00e0 l\u2019\u00e9limination des d\u00e9chets, en passant par la distribution des marchandises sur toute la plan\u00e8te. Sans compter que de nombreux v\u00eatements neufs ne sont m\u00eame jamais port\u00e9s et prennent la poussi\u00e8re dans les armoires. Adopter des habitudes de consommation responsables dans le domaine de l\u2019habillement permet donc de r\u00e9duire fortement les \u00e9missions de gaz \u00e0 effet de serre.<\/p>\n\n\n\n<h4 class=\"wp-block-heading\">Une consommation consciente et un changement de mentalit\u00e9 au quotidien permettent de r\u00e9duire ses propres \u00e9missions de CO2<\/h4>\n\n\n\n<p>Nos conseils&nbsp;:&nbsp;<\/p>\n\n\n\n<ul class=\"wp-block-list\">\n<li>\u00c0 l\u2019achat, fais attention \u00e0 la qualit\u00e9 du mat\u00e9riel et de la confection. Plus tu portes longtemps un v\u00eatement, plus tu r\u00e9duis son empreinte carbone.&nbsp;<\/li>\n\n\n\n<li>P\u00e8se bien le pour et le contre d\u2019acheter sur Internet plut\u00f4t qu\u2019au magasin le plus proche.<\/li>\n\n\n\n<li>Opte pour des commandes group\u00e9es.&nbsp;<\/li>\n\n\n\n<li>Si tu te d\u00e9cides pour le magasin des environs, regroupe tes achats et utilise les transports publics.<\/li>\n<\/ul>\n\n\n\n<p>Tu trouveras \u00e9galement d&rsquo;autres conseils dans <a href=\"https:\/\/reflectyourstyle.ch\/fr\/reshop-your-wardrobe\/\" target=\"_blank\" rel=\"noreferrer noopener\">l&rsquo;article de blog de Susanne Rudolf <\/a>de Fashion Revolution. <\/p>\n\n\n\n<p>Il y a donc plusieurs fa\u00e7ons de r\u00e9duire nos \u00e9missions de CO<sub>2<\/sub>. L\u2019id\u00e9e n\u2019est pas de faire une croix sur les belles choses, mais plut\u00f4t de prendre conscience de la valeur des v\u00eatements et des produits textiles en g\u00e9n\u00e9ral.<\/p>\n\n\n\n<p><\/p>\n\n\n\n<p>(*) <a href=\"https:\/\/www.bafu.admin.ch\/bafu\/fr\/home.html\" target=\"_blank\" rel=\"noreferrer noopener\">rapport de l&rsquo;Office f\u00e9d\u00e9ral de l&rsquo;environnement OFEV<\/a><\/p>\n\n\n\n<div class=\"wp-block-group\"><div class=\"wp-block-group__inner-container is-layout-flow wp-block-group-is-layout-flow\">\n<div class=\"wp-block-columns is-layout-flex wp-container-core-columns-is-layout-9d6595d7 wp-block-columns-is-layout-flex\"><\/div>\n<\/div><\/div>\n\n\n\n<p>\u2014<\/p>\n\n\n\n<p>As-tu des suggestions ou des critiques\u00a0? Comment exprimes-tu ton style et quels habits t\u2019accompagnent au long de la journ\u00e9e\u00a0? Dis-le-nous avec le hashtag #reflectyourstyle sur les r\u00e9seaux sociaux \u2013\u00a0Instagram ou Facebook\u00a0\u2013 ou par e-mail <a href=\"mailto:initiative@sts2030.ch\">initiative@sts2030.ch<\/a>.<\/p>\n","protected":false},"excerpt":{"rendered":"<p>D\u00e9couvre ici quelques conseils simples pour r\u00e9duire ton impact et ton empreinte carbone en mati\u00e8re de consommation textile.<\/p>\n","protected":false},"author":5,"featured_media":2153,"comment_status":"open","ping_status":"open","sticky":false,"template":"","format":"standard","meta":{"_acf_changed":false,"footnotes":""},"categories":[47],"tags":[69,71,58],"class_list":["post-2073","post","type-post","status-publish","format-standard","has-post-thumbnail","hentry","category-good-to-know-fr","tag-climateaction-3","tag-climateaction-fr","tag-slowfashion-fr"],"acf":[],"yoast_head":"<!-- This site is optimized with the Yoast SEO plugin v25.3.1 - https:\/\/yoast.com\/wordpress\/plugins\/seo\/ -->\n<title>Changement climatique et textiles - reflect your style<\/title>\n<meta name=\"description\" content=\"La temp\u00e9rature moyenne mondiale doit \u00eatre abaiss\u00e9e. myclimate donne des conseils pour r\u00e9duire les \u00e9missions de CO2.\" \/>\n<meta name=\"robots\" content=\"index, follow, max-snippet:-1, max-image-preview:large, max-video-preview:-1\" \/>\n<link rel=\"canonical\" href=\"https:\/\/reflectyourstyle.ch\/fr\/changement-climatique-et-textiles\/\" \/>\n<meta property=\"og:locale\" content=\"fr_FR\" \/>\n<meta property=\"og:type\" content=\"article\" \/>\n<meta property=\"og:title\" content=\"Changement climatique et textiles - reflect your style\" \/>\n<meta property=\"og:description\" content=\"La temp\u00e9rature moyenne mondiale doit \u00eatre abaiss\u00e9e. myclimate donne des conseils pour r\u00e9duire les \u00e9missions de CO2.\" \/>\n<meta property=\"og:url\" content=\"https:\/\/reflectyourstyle.ch\/fr\/changement-climatique-et-textiles\/\" \/>\n<meta property=\"og:site_name\" content=\"reflect your style\" \/>\n<meta property=\"article:published_time\" content=\"2022-12-07T13:27:15+00:00\" \/>\n<meta property=\"article:modified_time\" content=\"2025-01-16T15:27:09+00:00\" \/>\n<meta property=\"og:image\" content=\"https:\/\/reflectyourstyle.ch\/wp-content\/uploads\/2022\/12\/AdobeStock_333095849-1-scaled-e1670420463147.jpeg\" \/>\n\t<meta property=\"og:image:width\" content=\"2560\" \/>\n\t<meta property=\"og:image:height\" content=\"1027\" \/>\n\t<meta property=\"og:image:type\" content=\"image\/jpeg\" \/>\n<meta name=\"author\" content=\"sts\" \/>\n<meta name=\"twitter:card\" content=\"summary_large_image\" \/>\n<meta name=\"twitter:label1\" content=\"\u00c9crit par\" \/>\n\t<meta name=\"twitter:data1\" content=\"sts\" \/>\n\t<meta name=\"twitter:label2\" content=\"Dur\u00e9e de lecture estim\u00e9e\" \/>\n\t<meta name=\"twitter:data2\" content=\"3 minutes\" \/>\n<script type=\"application\/ld+json\" class=\"yoast-schema-graph\">{\"@context\":\"https:\/\/schema.org\",\"@graph\":[{\"@type\":\"WebPage\",\"@id\":\"https:\/\/reflectyourstyle.ch\/fr\/changement-climatique-et-textiles\/\",\"url\":\"https:\/\/reflectyourstyle.ch\/fr\/changement-climatique-et-textiles\/\",\"name\":\"Changement climatique et textiles - reflect your style\",\"isPartOf\":{\"@id\":\"https:\/\/reflectyourstyle.ch\/fr\/#website\"},\"primaryImageOfPage\":{\"@id\":\"https:\/\/reflectyourstyle.ch\/fr\/changement-climatique-et-textiles\/#primaryimage\"},\"image\":{\"@id\":\"https:\/\/reflectyourstyle.ch\/fr\/changement-climatique-et-textiles\/#primaryimage\"},\"thumbnailUrl\":\"https:\/\/reflectyourstyle.ch\/wp-content\/uploads\/2022\/12\/AdobeStock_333095849-1-scaled-e1670420463147.jpeg\",\"datePublished\":\"2022-12-07T13:27:15+00:00\",\"dateModified\":\"2025-01-16T15:27:09+00:00\",\"author\":{\"@id\":\"https:\/\/reflectyourstyle.ch\/fr\/#\/schema\/person\/b13360ceb4867548d6a4d0fb8ea65748\"},\"description\":\"La temp\u00e9rature moyenne mondiale doit \u00eatre abaiss\u00e9e. myclimate donne des conseils pour r\u00e9duire les \u00e9missions de CO2.\",\"breadcrumb\":{\"@id\":\"https:\/\/reflectyourstyle.ch\/fr\/changement-climatique-et-textiles\/#breadcrumb\"},\"inLanguage\":\"fr-FR\",\"potentialAction\":[{\"@type\":\"ReadAction\",\"target\":[\"https:\/\/reflectyourstyle.ch\/fr\/changement-climatique-et-textiles\/\"]}]},{\"@type\":\"ImageObject\",\"inLanguage\":\"fr-FR\",\"@id\":\"https:\/\/reflectyourstyle.ch\/fr\/changement-climatique-et-textiles\/#primaryimage\",\"url\":\"https:\/\/reflectyourstyle.ch\/wp-content\/uploads\/2022\/12\/AdobeStock_333095849-1-scaled-e1670420463147.jpeg\",\"contentUrl\":\"https:\/\/reflectyourstyle.ch\/wp-content\/uploads\/2022\/12\/AdobeStock_333095849-1-scaled-e1670420463147.jpeg\",\"width\":2560,\"height\":1027,\"caption\":\"Traveler with a backpack on top of snow mountains . This is a 3d render illustration .\"},{\"@type\":\"BreadcrumbList\",\"@id\":\"https:\/\/reflectyourstyle.ch\/fr\/changement-climatique-et-textiles\/#breadcrumb\",\"itemListElement\":[{\"@type\":\"ListItem\",\"position\":1,\"name\":\"Startseite\",\"item\":\"https:\/\/reflectyourstyle.ch\/fr\/\"},{\"@type\":\"ListItem\",\"position\":2,\"name\":\"Changement climatique et textiles\"}]},{\"@type\":\"WebSite\",\"@id\":\"https:\/\/reflectyourstyle.ch\/fr\/#website\",\"url\":\"https:\/\/reflectyourstyle.ch\/fr\/\",\"name\":\"reflect your style\",\"description\":\"\",\"potentialAction\":[{\"@type\":\"SearchAction\",\"target\":{\"@type\":\"EntryPoint\",\"urlTemplate\":\"https:\/\/reflectyourstyle.ch\/fr\/?s={search_term_string}\"},\"query-input\":{\"@type\":\"PropertyValueSpecification\",\"valueRequired\":true,\"valueName\":\"search_term_string\"}}],\"inLanguage\":\"fr-FR\"},{\"@type\":\"Person\",\"@id\":\"https:\/\/reflectyourstyle.ch\/fr\/#\/schema\/person\/b13360ceb4867548d6a4d0fb8ea65748\",\"name\":\"sts\",\"image\":{\"@type\":\"ImageObject\",\"inLanguage\":\"fr-FR\",\"@id\":\"https:\/\/reflectyourstyle.ch\/fr\/#\/schema\/person\/image\/\",\"url\":\"https:\/\/secure.gravatar.com\/avatar\/21706817544124caa9f21ba8a9e2bc5eb34f8e2af2ab8d077048ab89384e7c8a?s=96&d=mm&r=g\",\"contentUrl\":\"https:\/\/secure.gravatar.com\/avatar\/21706817544124caa9f21ba8a9e2bc5eb34f8e2af2ab8d077048ab89384e7c8a?s=96&d=mm&r=g\",\"caption\":\"sts\"},\"url\":\"https:\/\/reflectyourstyle.ch\/fr\/author\/sts\/\"}]}<\/script>\n<!-- \/ Yoast SEO plugin. -->","yoast_head_json":{"title":"Changement climatique et textiles - reflect your style","description":"La temp\u00e9rature moyenne mondiale doit \u00eatre abaiss\u00e9e. myclimate donne des conseils pour r\u00e9duire les \u00e9missions de CO2.","robots":{"index":"index","follow":"follow","max-snippet":"max-snippet:-1","max-image-preview":"max-image-preview:large","max-video-preview":"max-video-preview:-1"},"canonical":"https:\/\/reflectyourstyle.ch\/fr\/changement-climatique-et-textiles\/","og_locale":"fr_FR","og_type":"article","og_title":"Changement climatique et textiles - reflect your style","og_description":"La temp\u00e9rature moyenne mondiale doit \u00eatre abaiss\u00e9e. myclimate donne des conseils pour r\u00e9duire les \u00e9missions de CO2.","og_url":"https:\/\/reflectyourstyle.ch\/fr\/changement-climatique-et-textiles\/","og_site_name":"reflect your style","article_published_time":"2022-12-07T13:27:15+00:00","article_modified_time":"2025-01-16T15:27:09+00:00","og_image":[{"width":2560,"height":1027,"url":"https:\/\/reflectyourstyle.ch\/wp-content\/uploads\/2022\/12\/AdobeStock_333095849-1-scaled-e1670420463147.jpeg","type":"image\/jpeg"}],"author":"sts","twitter_card":"summary_large_image","twitter_misc":{"\u00c9crit par":"sts","Dur\u00e9e de lecture estim\u00e9e":"3 minutes"},"schema":{"@context":"https:\/\/schema.org","@graph":[{"@type":"WebPage","@id":"https:\/\/reflectyourstyle.ch\/fr\/changement-climatique-et-textiles\/","url":"https:\/\/reflectyourstyle.ch\/fr\/changement-climatique-et-textiles\/","name":"Changement climatique et textiles - reflect your style","isPartOf":{"@id":"https:\/\/reflectyourstyle.ch\/fr\/#website"},"primaryImageOfPage":{"@id":"https:\/\/reflectyourstyle.ch\/fr\/changement-climatique-et-textiles\/#primaryimage"},"image":{"@id":"https:\/\/reflectyourstyle.ch\/fr\/changement-climatique-et-textiles\/#primaryimage"},"thumbnailUrl":"https:\/\/reflectyourstyle.ch\/wp-content\/uploads\/2022\/12\/AdobeStock_333095849-1-scaled-e1670420463147.jpeg","datePublished":"2022-12-07T13:27:15+00:00","dateModified":"2025-01-16T15:27:09+00:00","author":{"@id":"https:\/\/reflectyourstyle.ch\/fr\/#\/schema\/person\/b13360ceb4867548d6a4d0fb8ea65748"},"description":"La temp\u00e9rature moyenne mondiale doit \u00eatre abaiss\u00e9e. myclimate donne des conseils pour r\u00e9duire les \u00e9missions de CO2.","breadcrumb":{"@id":"https:\/\/reflectyourstyle.ch\/fr\/changement-climatique-et-textiles\/#breadcrumb"},"inLanguage":"fr-FR","potentialAction":[{"@type":"ReadAction","target":["https:\/\/reflectyourstyle.ch\/fr\/changement-climatique-et-textiles\/"]}]},{"@type":"ImageObject","inLanguage":"fr-FR","@id":"https:\/\/reflectyourstyle.ch\/fr\/changement-climatique-et-textiles\/#primaryimage","url":"https:\/\/reflectyourstyle.ch\/wp-content\/uploads\/2022\/12\/AdobeStock_333095849-1-scaled-e1670420463147.jpeg","contentUrl":"https:\/\/reflectyourstyle.ch\/wp-content\/uploads\/2022\/12\/AdobeStock_333095849-1-scaled-e1670420463147.jpeg","width":2560,"height":1027,"caption":"Traveler with a backpack on top of snow mountains . This is a 3d render illustration ."},{"@type":"BreadcrumbList","@id":"https:\/\/reflectyourstyle.ch\/fr\/changement-climatique-et-textiles\/#breadcrumb","itemListElement":[{"@type":"ListItem","position":1,"name":"Startseite","item":"https:\/\/reflectyourstyle.ch\/fr\/"},{"@type":"ListItem","position":2,"name":"Changement climatique et textiles"}]},{"@type":"WebSite","@id":"https:\/\/reflectyourstyle.ch\/fr\/#website","url":"https:\/\/reflectyourstyle.ch\/fr\/","name":"reflect your style","description":"","potentialAction":[{"@type":"SearchAction","target":{"@type":"EntryPoint","urlTemplate":"https:\/\/reflectyourstyle.ch\/fr\/?s={search_term_string}"},"query-input":{"@type":"PropertyValueSpecification","valueRequired":true,"valueName":"search_term_string"}}],"inLanguage":"fr-FR"},{"@type":"Person","@id":"https:\/\/reflectyourstyle.ch\/fr\/#\/schema\/person\/b13360ceb4867548d6a4d0fb8ea65748","name":"sts","image":{"@type":"ImageObject","inLanguage":"fr-FR","@id":"https:\/\/reflectyourstyle.ch\/fr\/#\/schema\/person\/image\/","url":"https:\/\/secure.gravatar.com\/avatar\/21706817544124caa9f21ba8a9e2bc5eb34f8e2af2ab8d077048ab89384e7c8a?s=96&d=mm&r=g","contentUrl":"https:\/\/secure.gravatar.com\/avatar\/21706817544124caa9f21ba8a9e2bc5eb34f8e2af2ab8d077048ab89384e7c8a?s=96&d=mm&r=g","caption":"sts"},"url":"https:\/\/reflectyourstyle.ch\/fr\/author\/sts\/"}]}},"_links":{"self":[{"href":"https:\/\/reflectyourstyle.ch\/fr\/wp-json\/wp\/v2\/posts\/2073","targetHints":{"allow":["GET"]}}],"collection":[{"href":"https:\/\/reflectyourstyle.ch\/fr\/wp-json\/wp\/v2\/posts"}],"about":[{"href":"https:\/\/reflectyourstyle.ch\/fr\/wp-json\/wp\/v2\/types\/post"}],"author":[{"embeddable":true,"href":"https:\/\/reflectyourstyle.ch\/fr\/wp-json\/wp\/v2\/users\/5"}],"replies":[{"embeddable":true,"href":"https:\/\/reflectyourstyle.ch\/fr\/wp-json\/wp\/v2\/comments?post=2073"}],"version-history":[{"count":31,"href":"https:\/\/reflectyourstyle.ch\/fr\/wp-json\/wp\/v2\/posts\/2073\/revisions"}],"predecessor-version":[{"id":3970,"href":"https:\/\/reflectyourstyle.ch\/fr\/wp-json\/wp\/v2\/posts\/2073\/revisions\/3970"}],"wp:featuredmedia":[{"embeddable":true,"href":"https:\/\/reflectyourstyle.ch\/fr\/wp-json\/wp\/v2\/media\/2153"}],"wp:attachment":[{"href":"https:\/\/reflectyourstyle.ch\/fr\/wp-json\/wp\/v2\/media?parent=2073"}],"wp:term":[{"taxonomy":"category","embeddable":true,"href":"https:\/\/reflectyourstyle.ch\/fr\/wp-json\/wp\/v2\/categories?post=2073"},{"taxonomy":"post_tag","embeddable":true,"href":"https:\/\/reflectyourstyle.ch\/fr\/wp-json\/wp\/v2\/tags?post=2073"}],"curies":[{"name":"wp","href":"https:\/\/api.w.org\/{rel}","templated":true}]}}