{"id":2602,"date":"2023-03-24T07:40:23","date_gmt":"2023-03-24T06:40:23","guid":{"rendered":"https:\/\/reflectyourstyle.ch\/?p=2602"},"modified":"2025-01-16T17:13:22","modified_gmt":"2025-01-16T16:13:22","slug":"labels-pour-les-textiles-durables","status":"publish","type":"post","link":"https:\/\/reflectyourstyle.ch\/fr\/labels-pour-les-textiles-durables\/","title":{"rendered":"Labels de durabilit\u00e9 pour les textiles\u00a0"},"content":{"rendered":"<div class=\"double-image\">\n\t\t<img decoding=\"async\" src=\"\" alt=\"\" title=\"\">\n\t<img decoding=\"async\" src=\"https:\/\/reflectyourstyle.ch\/wp-content\/uploads\/2023\/03\/Siegellandschaft.png\" alt=\"\" title=\"Siegellandschaft!\">\n<\/div>\n\n\n\n<h2 class=\"wp-block-heading\">Labels de durabilit\u00e9 pour les textiles\u00a0<\/h2>\n\n\n\n<p><strong>Un aper\u00e7u de ce \u00e0 quoi vous pouvez faire attention en faisant vos achats.<\/strong><\/p>\n\n\n\n<p>Les labels dans l&rsquo;industrie textile sont importants pour garantir que les textiles sont produits dans des conditions \u00e9thiques et \u00e9cologiques. Afin de permettre aux consommatrices et consommateurs d\u2019identifier les produits en un coup d&rsquo;\u0153il et de faciliter ainsi les achats durables, les entreprises textiles utilisent des labels. En Suisse, des sites comme <a href=\"http:\/\/labelinfo.ch\">labelinfo.ch<\/a> offrent une vue d\u2019ensemble de ces diff\u00e9rents labels. Katharina Schaus, de l&rsquo;entreprise de conseil allemande it fits, nous donne ici un aper\u00e7u de ce qu&rsquo;il en est de ces labels,de la mani\u00e8re dont ils peuvent \u00eatre utilis\u00e9s et de ce \u00e0 quoi il faudrait pr\u00eater attention lors de vos achats.ous-estim\u00e9.<\/p>\n\n\n\n<h4 class=\"wp-block-heading\">Des labels de confiance gr\u00e2ce \u00e0 un syst\u00e8me tripartite<\/h4>\n\n\n\n<p>Les exigences derri\u00e8re un label sont des directives que les entreprises textiles mettent en \u0153uvre volontairement.<br>Ces normes sont \u00e9tablies par des entreprises ou des groupes d&rsquo;int\u00e9r\u00eats \u00e9conomiques, des organisations, des initiatives de consommateurs.rices ou des institutions publiques. Les organismes de certification sont charg\u00e9s de v\u00e9rifier le respect de ces normes. Pour ce faire, ils doivent passer par une proc\u00e9dure d&rsquo;agr\u00e9ment men\u00e9e par des organismes d&rsquo;accr\u00e9ditation. C&rsquo;est gr\u00e2ce \u00e0 la structuration ind\u00e9pendante d&rsquo;un label en trois parties distinctes, o\u00f9 le d\u00e9veloppement des directives se fait s\u00e9par\u00e9ment du contr\u00f4le et de la mise en \u0153uvre des directives et des normes, que les acheteurs.euses peuvent faire confiance \u00e0 un tel label. Des inspections ind\u00e9pendantes sur place et des contr\u00f4les suppl\u00e9mentaires des produits permettent de garantir le respect des crit\u00e8res de base. Id\u00e9alement, l&rsquo;attribution d&rsquo;un label devrait donc \u00eatre pr\u00e9c\u00e9d\u00e9e d&rsquo;une certification ind\u00e9pendante.<\/p>\n\n\n\n<h4 class=\"wp-block-heading\">Diff\u00e9rents labels pour diff\u00e9rents objectifs de durabilit\u00e9<\/h4>\n\n\n\n<p>Un produit durable doit contenir des exigences dans les domaines cl\u00e9s de l&rsquo;environnement, du social et de la gestion d&rsquo;entreprise (en anglais : Environment, Social, Governance, ou ESG). Pour que ces informations parviennent aux acheteurs.euses potentiel.e.s et que les entreprises puissent communiquer de mani\u00e8re transparente et cr\u00e9dible sur les avantages li\u00e9s aux caract\u00e9ristiques durables de leurs produits, les labels servent diff\u00e9rents objectifs.<br>Un seul et m\u00eame label ne serait en effet pas en mesure de couvrir tous les aspects importants et pertinents de l&rsquo;ensemble de la cha\u00eene d&rsquo;approvisionnement des textiles. Comme il n&rsquo;existe pas de d\u00e9finition universelle d&rsquo;un textile durable, il n&rsquo;existe pas non plus de crit\u00e8res d&rsquo;\u00e9valuation globaux et uniformes. C\u2019est la raison pour laquelle tant de types de labels diff\u00e9rents se sont \u00e9tablis sur le march\u00e9, poursuivant tous des objectifs diff\u00e9rents et se concentrant sur des aspects distincts de la cha\u00eene de production. Certains se concentrent ainsi sur la production, d\u2019autres sur les mat\u00e9riaux.<\/p>\n\n\n\n<h4 class=\"wp-block-heading\">Les 5 principaux types de labels<\/h4>\n\n\n\n<p>Dans le cadre de diverses \u00e9tudes sur les labels, il a \u00e9t\u00e9 possible de recenser plus de 120 labels attribu\u00e9s par une centaine de d\u00e9tenteurs de normes. On distingue notamment les certifications li\u00e9es \u00e0 l&rsquo;entreprise et celles li\u00e9es au produit. Il existe cinq approches diff\u00e9rentes pour l&rsquo;\u00e9tiquetage et l&rsquo;\u00e9valuation des produits textiles qui peuvent \u00eatre class\u00e9es comme suit:<\/p>\n\n\n\n<ul class=\"wp-block-list\">\n<li>\u00ab\u00a0Label de durabilit\u00e9\u00a0\u00bb<\/li>\n\n\n\n<li>\u00ab\u00a0label social\u00a0\u00bb<\/li>\n\n\n\n<li>\u00ab\u00a0Label sant\u00e9\u00a0\u00bb<\/li>\n\n\n\n<li>\u00ab\u00a0Label environnemental\u00a0\u00bb<\/li>\n\n\n\n<li>\u00ab\u00a0Label de recyclage\u00a0\u00bb<\/li>\n<\/ul>\n\n\n\n<p>Les labels qui ne s&rsquo;int\u00e9ressent qu&rsquo;aux caract\u00e9ristiques des produits dont la pr\u00e9sence peut \u00eatre constat\u00e9e sur les textiles eux-m\u00eames sont appel\u00e9s \u00ab\u00a0labels d\u2019\u00e9cologie humaine ou de sant\u00e9\u00a0\u00bb. Dans ce cas, seul le produit final est contr\u00f4l\u00e9 par rapport aux valeurs limites des substances nocives (exemple : Oeko-Tex Standard 100).<br>Les labels qui s&rsquo;int\u00e9ressent \u00e0 l&rsquo;ensemble de la cha\u00eene de production ou au cycle de vie du produit, de l&rsquo;extraction des mati\u00e8res premi\u00e8res jusqu&rsquo;\u00e0 l&rsquo;\u00e9limination et au recyclage sont appel\u00e9s \u00ab\u00a0labels \u00e9cologiques ou environnementaux\u00a0\u00bb.<\/p>\n\n\n\n<p>\u00ab\u00a0Les labels sociaux ou de commerce \u00e9quitable\u00a0\u00bb garantissent le respect de crit\u00e8res sociaux et de pratiques commerciales \u00e9thiques et sont donc synonymes de responsabilit\u00e9 sociale. Dans la mesure o\u00f9 plusieurs ou tous les aspects sont pris en compte dans un standard, celui-ci peut se qualifier de label de durabilit\u00e9.<\/p>\n\n\n\n<h4 class=\"wp-block-heading\">Crit\u00e8res pour l&rsquo;attribution de labels aux textiles<\/h4>\n\n\n\n<ul class=\"wp-block-list\">\n<li>Mat\u00e9riaux<br>L&rsquo;utilisation de mat\u00e9riaux durables, tels que des fibres biologiques contr\u00f4l\u00e9es, biod\u00e9gradables, recycl\u00e9es ou recyclables.<\/li>\n\n\n\n<li>Les produits chimiques<br>L&rsquo;absence d&rsquo;utilisation de produits chimiques nocifs (toxiques, mutag\u00e8nes, canc\u00e9rog\u00e8nes).<\/li>\n\n\n\n<li>Proc\u00e9d\u00e9s de production<br>Pas d&rsquo;utilisation de m\u00e9thodes de production nocives pour l&rsquo;environnement et proc\u00e9dures visant \u00e0 minimiser l&rsquo;impact sur l&rsquo;environnement.<\/li>\n\n\n\n<li>Pr\u00e9servation des ressources<br>R\u00e9duction des \u00e9missions, de la consommation d&rsquo;eau et d&rsquo;\u00e9nergie<\/li>\n\n\n\n<li>Emballage<br>Emballage recyclable ou biod\u00e9gradable<\/li>\n\n\n\n<li>Responsabilit\u00e9 sociale<br>Promotion de la responsabilit\u00e9 sociale et donc respect des droits de l&rsquo;homme, de la s\u00e9curit\u00e9 au travail, pr\u00e9vention du travail des enfants, de la discrimination, etc.<\/li>\n\n\n\n<li>Salaires<br>Paiement d&rsquo;un salaire de subsistance<\/li>\n\n\n\n<li>Transparence<br>Tra\u00e7abilit\u00e9, tra\u00e7abilit\u00e9, bilan quantitatif des mat\u00e9riaux certifi\u00e9s<\/li>\n\n\n\n<li>Communication<br>directives pour l&rsquo;\u00e9tiquetage et la communication<\/li>\n<\/ul>\n\n\n\n<h4 class=\"wp-block-heading\">Parmi les labels cr\u00e9dibles et pertinents pour le march\u00e9, on trouve par exemple<\/h4>\n\n\n\n<ul class=\"wp-block-list\">\n<li>GOTS (Global Organic Textile Standard)<\/li>\n\n\n\n<li>OEKO-TEX Made in Green<\/li>\n\n\n\n<li>Bluesign<\/li>\n\n\n\n<li>Cradle to Cradle<\/li>\n\n\n\n<li>GRS (Global Recycle Standard)<\/li>\n\n\n\n<li>Naturtextil IVN Best<\/li>\n\n\n\n<li>Fairtrade<\/li>\n<\/ul>\n\n\n\n<p>Une r\u00e9cente enqu\u00eate aupr\u00e8s des consommateurs.rices montre que pr\u00e8s d&rsquo;une personne interrog\u00e9e sur deux (47%) d\u00e9clare regarder les emballages ou les \u00e9tiquettes des produits pour y trouver des crit\u00e8res d&rsquo;\u00e9valuation, comme par exemple des labels. Six consommateurs.rices sur dix prennent de plus en plus souvent en compte la durabilit\u00e9 \u00e9cologique, \u00e9conomique ou sociale lors de leur d\u00e9cision d&rsquo;achat. Les client.e.s accordent notamment de l&rsquo;importance \u00e0 des th\u00e8mes tels que le bien-\u00eatre des animaux, l&#8217;emballage, le recyclage et le respect des droits humains lors de la production. Les labels permettent donc d\u2019orienter les consommateurs.trices et constituent un outil d\u2019aide \u00e0 la prise de d\u00e9cision important lors de l&rsquo;achat de v\u00eatements et d&rsquo;autres textiles. Plus des deux tiers (72%) des consommateurs.trices interrog\u00e9.e.s estiment que les labels de durabilit\u00e9 reconnus, les certifications ou les rapports de durabilit\u00e9 contr\u00f4l\u00e9s de mani\u00e8re ind\u00e9pendante sont utiles et pertinents.<\/p>\n\n\n\n<h4 class=\"wp-block-heading\">Conseils pour les achats quotidiens<\/h4>\n\n\n\n<ul class=\"wp-block-list\">\n<li>Assurez-vous que le label a \u00e9t\u00e9 attribu\u00e9 et d\u00e9livr\u00e9 par un organisme reconnu.<\/li>\n\n\n\n<li>Informez-vous sur les crit\u00e8res de la certification et assurez-vous qu&rsquo;ils correspondent \u00e0 vos valeurs personnelles.<\/li>\n\n\n\n<li>Consultez des sites comme labelinfo.ch et faites-vous une id\u00e9e quant au bien-fond\u00e9des diff\u00e9rents labels.<\/li>\n\n\n\n<li>Vous trouverez \u00e9galement des informations sur d&rsquo;autres sites, comme ceux de it fits, de Siegelklarheit et de Label-Online.<\/li>\n\n\n\n<li>Nous recommandons les labels ind\u00e9pendants qui imposent des exigences sociales et \u00e9cologiques et qui fixent des crit\u00e8res pour l&rsquo;ensemble de la cha\u00eene d&rsquo;approvisionnement.<\/li>\n<\/ul>\n\n\n\n<p>&#8211;<br>Katharina Schaus est la fondatrice de <a href=\"http:\/\/www.itfits.de\">it fits &#8211; Organic Textile Partner<\/a>, une entreprise de conseil pour les entreprises du secteur textile dans le domaine de la durabilit\u00e9 appliqu\u00e9e. it fits soutient par exemple les fabricants et les commer\u00e7ants afin de les aider \u00e0 remplir les exigences standard pour un label en les aidant par exemple \u00e0 la pr\u00e9paration de tels certificats, \u00e0 l&rsquo;\u00e9tiquetage des textiles ou encore \u00e0 la fixation des objectifs de durabilit\u00e9 poursuivis par l&rsquo;entreprise. En plus de conseils, le site web de it fits propose une <a href=\"http:\/\/www.itfits.de\/labelschule\">formation sur la labellisation<\/a> qui donne une vue d&rsquo;ensemble des diff\u00e9rents certificats.<\/p>\n","protected":false},"excerpt":{"rendered":"<p>D\u00e9couvre ce que garantissent ces labels et comment ils facilitent des achats plus durables. <\/p>\n","protected":false},"author":5,"featured_media":2750,"comment_status":"open","ping_status":"open","sticky":false,"template":"","format":"standard","meta":{"_acf_changed":false,"footnotes":""},"categories":[47],"tags":[49,51],"class_list":["post-2602","post","type-post","status-publish","format-standard","has-post-thumbnail","hentry","category-good-to-know-fr","tag-control-fr","tag-fairshopping-fr"],"acf":[],"yoast_head":"<!-- This site is optimized with the Yoast SEO plugin v25.3.1 - https:\/\/yoast.com\/wordpress\/plugins\/seo\/ -->\n<title>Labels de durabilit\u00e9 pour les textiles\u00a0 - reflect your style<\/title>\n<meta name=\"description\" content=\"Les labels dans l&#039;industrie textile sont importants pour garantir que les textiles sont produits dans des conditions \u00e9thiques et \u00e9cologiques.\" \/>\n<meta name=\"robots\" content=\"index, follow, max-snippet:-1, max-image-preview:large, max-video-preview:-1\" \/>\n<link rel=\"canonical\" href=\"https:\/\/reflectyourstyle.ch\/fr\/labels-pour-les-textiles-durables\/\" \/>\n<meta property=\"og:locale\" content=\"fr_FR\" \/>\n<meta property=\"og:type\" content=\"article\" \/>\n<meta property=\"og:title\" content=\"Labels de durabilit\u00e9 pour les textiles\u00a0 - reflect your style\" \/>\n<meta property=\"og:description\" content=\"Les labels dans l&#039;industrie textile sont importants pour garantir que les textiles sont produits dans des conditions \u00e9thiques et \u00e9cologiques.\" \/>\n<meta property=\"og:url\" content=\"https:\/\/reflectyourstyle.ch\/fr\/labels-pour-les-textiles-durables\/\" \/>\n<meta property=\"og:site_name\" content=\"reflect your style\" \/>\n<meta property=\"article:published_time\" content=\"2023-03-24T06:40:23+00:00\" \/>\n<meta property=\"article:modified_time\" content=\"2025-01-16T16:13:22+00:00\" \/>\n<meta property=\"og:image\" content=\"https:\/\/reflectyourstyle.ch\/wp-content\/uploads\/2023\/03\/Siegellandschaft-2-1024x528.png\" \/>\n\t<meta property=\"og:image:width\" content=\"1024\" \/>\n\t<meta property=\"og:image:height\" content=\"528\" \/>\n\t<meta property=\"og:image:type\" content=\"image\/png\" \/>\n<meta name=\"author\" content=\"sts\" \/>\n<meta name=\"twitter:card\" content=\"summary_large_image\" \/>\n<meta name=\"twitter:label1\" content=\"\u00c9crit par\" \/>\n\t<meta name=\"twitter:data1\" content=\"sts\" \/>\n\t<meta name=\"twitter:label2\" content=\"Dur\u00e9e de lecture estim\u00e9e\" \/>\n\t<meta name=\"twitter:data2\" content=\"7 minutes\" \/>\n<script type=\"application\/ld+json\" class=\"yoast-schema-graph\">{\"@context\":\"https:\/\/schema.org\",\"@graph\":[{\"@type\":\"WebPage\",\"@id\":\"https:\/\/reflectyourstyle.ch\/fr\/labels-pour-les-textiles-durables\/\",\"url\":\"https:\/\/reflectyourstyle.ch\/fr\/labels-pour-les-textiles-durables\/\",\"name\":\"Labels de durabilit\u00e9 pour les textiles\u00a0 - reflect your style\",\"isPartOf\":{\"@id\":\"https:\/\/reflectyourstyle.ch\/fr\/#website\"},\"primaryImageOfPage\":{\"@id\":\"https:\/\/reflectyourstyle.ch\/fr\/labels-pour-les-textiles-durables\/#primaryimage\"},\"image\":{\"@id\":\"https:\/\/reflectyourstyle.ch\/fr\/labels-pour-les-textiles-durables\/#primaryimage\"},\"thumbnailUrl\":\"https:\/\/reflectyourstyle.ch\/wp-content\/uploads\/2023\/03\/Siegellandschaft-2.png\",\"datePublished\":\"2023-03-24T06:40:23+00:00\",\"dateModified\":\"2025-01-16T16:13:22+00:00\",\"author\":{\"@id\":\"https:\/\/reflectyourstyle.ch\/fr\/#\/schema\/person\/b13360ceb4867548d6a4d0fb8ea65748\"},\"description\":\"Les labels dans l'industrie textile sont importants pour garantir que les textiles sont produits dans des conditions \u00e9thiques et \u00e9cologiques.\",\"breadcrumb\":{\"@id\":\"https:\/\/reflectyourstyle.ch\/fr\/labels-pour-les-textiles-durables\/#breadcrumb\"},\"inLanguage\":\"fr-FR\",\"potentialAction\":[{\"@type\":\"ReadAction\",\"target\":[\"https:\/\/reflectyourstyle.ch\/fr\/labels-pour-les-textiles-durables\/\"]}]},{\"@type\":\"ImageObject\",\"inLanguage\":\"fr-FR\",\"@id\":\"https:\/\/reflectyourstyle.ch\/fr\/labels-pour-les-textiles-durables\/#primaryimage\",\"url\":\"https:\/\/reflectyourstyle.ch\/wp-content\/uploads\/2023\/03\/Siegellandschaft-2.png\",\"contentUrl\":\"https:\/\/reflectyourstyle.ch\/wp-content\/uploads\/2023\/03\/Siegellandschaft-2.png\",\"width\":3097,\"height\":1596,\"caption\":\"Labels \u00dcbersicht\"},{\"@type\":\"BreadcrumbList\",\"@id\":\"https:\/\/reflectyourstyle.ch\/fr\/labels-pour-les-textiles-durables\/#breadcrumb\",\"itemListElement\":[{\"@type\":\"ListItem\",\"position\":1,\"name\":\"Startseite\",\"item\":\"https:\/\/reflectyourstyle.ch\/fr\/\"},{\"@type\":\"ListItem\",\"position\":2,\"name\":\"Labels de durabilit\u00e9 pour les textiles\u00a0\"}]},{\"@type\":\"WebSite\",\"@id\":\"https:\/\/reflectyourstyle.ch\/fr\/#website\",\"url\":\"https:\/\/reflectyourstyle.ch\/fr\/\",\"name\":\"reflect your style\",\"description\":\"\",\"potentialAction\":[{\"@type\":\"SearchAction\",\"target\":{\"@type\":\"EntryPoint\",\"urlTemplate\":\"https:\/\/reflectyourstyle.ch\/fr\/?s={search_term_string}\"},\"query-input\":{\"@type\":\"PropertyValueSpecification\",\"valueRequired\":true,\"valueName\":\"search_term_string\"}}],\"inLanguage\":\"fr-FR\"},{\"@type\":\"Person\",\"@id\":\"https:\/\/reflectyourstyle.ch\/fr\/#\/schema\/person\/b13360ceb4867548d6a4d0fb8ea65748\",\"name\":\"sts\",\"image\":{\"@type\":\"ImageObject\",\"inLanguage\":\"fr-FR\",\"@id\":\"https:\/\/reflectyourstyle.ch\/fr\/#\/schema\/person\/image\/\",\"url\":\"https:\/\/secure.gravatar.com\/avatar\/21706817544124caa9f21ba8a9e2bc5eb34f8e2af2ab8d077048ab89384e7c8a?s=96&d=mm&r=g\",\"contentUrl\":\"https:\/\/secure.gravatar.com\/avatar\/21706817544124caa9f21ba8a9e2bc5eb34f8e2af2ab8d077048ab89384e7c8a?s=96&d=mm&r=g\",\"caption\":\"sts\"},\"url\":\"https:\/\/reflectyourstyle.ch\/fr\/author\/sts\/\"}]}<\/script>\n<!-- \/ Yoast SEO plugin. -->","yoast_head_json":{"title":"Labels de durabilit\u00e9 pour les textiles\u00a0 - reflect your style","description":"Les labels dans l'industrie textile sont importants pour garantir que les textiles sont produits dans des conditions \u00e9thiques et \u00e9cologiques.","robots":{"index":"index","follow":"follow","max-snippet":"max-snippet:-1","max-image-preview":"max-image-preview:large","max-video-preview":"max-video-preview:-1"},"canonical":"https:\/\/reflectyourstyle.ch\/fr\/labels-pour-les-textiles-durables\/","og_locale":"fr_FR","og_type":"article","og_title":"Labels de durabilit\u00e9 pour les textiles\u00a0 - reflect your style","og_description":"Les labels dans l'industrie textile sont importants pour garantir que les textiles sont produits dans des conditions \u00e9thiques et \u00e9cologiques.","og_url":"https:\/\/reflectyourstyle.ch\/fr\/labels-pour-les-textiles-durables\/","og_site_name":"reflect your style","article_published_time":"2023-03-24T06:40:23+00:00","article_modified_time":"2025-01-16T16:13:22+00:00","og_image":[{"width":1024,"height":528,"url":"https:\/\/reflectyourstyle.ch\/wp-content\/uploads\/2023\/03\/Siegellandschaft-2-1024x528.png","type":"image\/png"}],"author":"sts","twitter_card":"summary_large_image","twitter_misc":{"\u00c9crit par":"sts","Dur\u00e9e de lecture estim\u00e9e":"7 minutes"},"schema":{"@context":"https:\/\/schema.org","@graph":[{"@type":"WebPage","@id":"https:\/\/reflectyourstyle.ch\/fr\/labels-pour-les-textiles-durables\/","url":"https:\/\/reflectyourstyle.ch\/fr\/labels-pour-les-textiles-durables\/","name":"Labels de durabilit\u00e9 pour les textiles\u00a0 - reflect your style","isPartOf":{"@id":"https:\/\/reflectyourstyle.ch\/fr\/#website"},"primaryImageOfPage":{"@id":"https:\/\/reflectyourstyle.ch\/fr\/labels-pour-les-textiles-durables\/#primaryimage"},"image":{"@id":"https:\/\/reflectyourstyle.ch\/fr\/labels-pour-les-textiles-durables\/#primaryimage"},"thumbnailUrl":"https:\/\/reflectyourstyle.ch\/wp-content\/uploads\/2023\/03\/Siegellandschaft-2.png","datePublished":"2023-03-24T06:40:23+00:00","dateModified":"2025-01-16T16:13:22+00:00","author":{"@id":"https:\/\/reflectyourstyle.ch\/fr\/#\/schema\/person\/b13360ceb4867548d6a4d0fb8ea65748"},"description":"Les labels dans l'industrie textile sont importants pour garantir que les textiles sont produits dans des conditions \u00e9thiques et \u00e9cologiques.","breadcrumb":{"@id":"https:\/\/reflectyourstyle.ch\/fr\/labels-pour-les-textiles-durables\/#breadcrumb"},"inLanguage":"fr-FR","potentialAction":[{"@type":"ReadAction","target":["https:\/\/reflectyourstyle.ch\/fr\/labels-pour-les-textiles-durables\/"]}]},{"@type":"ImageObject","inLanguage":"fr-FR","@id":"https:\/\/reflectyourstyle.ch\/fr\/labels-pour-les-textiles-durables\/#primaryimage","url":"https:\/\/reflectyourstyle.ch\/wp-content\/uploads\/2023\/03\/Siegellandschaft-2.png","contentUrl":"https:\/\/reflectyourstyle.ch\/wp-content\/uploads\/2023\/03\/Siegellandschaft-2.png","width":3097,"height":1596,"caption":"Labels \u00dcbersicht"},{"@type":"BreadcrumbList","@id":"https:\/\/reflectyourstyle.ch\/fr\/labels-pour-les-textiles-durables\/#breadcrumb","itemListElement":[{"@type":"ListItem","position":1,"name":"Startseite","item":"https:\/\/reflectyourstyle.ch\/fr\/"},{"@type":"ListItem","position":2,"name":"Labels de durabilit\u00e9 pour les textiles\u00a0"}]},{"@type":"WebSite","@id":"https:\/\/reflectyourstyle.ch\/fr\/#website","url":"https:\/\/reflectyourstyle.ch\/fr\/","name":"reflect your style","description":"","potentialAction":[{"@type":"SearchAction","target":{"@type":"EntryPoint","urlTemplate":"https:\/\/reflectyourstyle.ch\/fr\/?s={search_term_string}"},"query-input":{"@type":"PropertyValueSpecification","valueRequired":true,"valueName":"search_term_string"}}],"inLanguage":"fr-FR"},{"@type":"Person","@id":"https:\/\/reflectyourstyle.ch\/fr\/#\/schema\/person\/b13360ceb4867548d6a4d0fb8ea65748","name":"sts","image":{"@type":"ImageObject","inLanguage":"fr-FR","@id":"https:\/\/reflectyourstyle.ch\/fr\/#\/schema\/person\/image\/","url":"https:\/\/secure.gravatar.com\/avatar\/21706817544124caa9f21ba8a9e2bc5eb34f8e2af2ab8d077048ab89384e7c8a?s=96&d=mm&r=g","contentUrl":"https:\/\/secure.gravatar.com\/avatar\/21706817544124caa9f21ba8a9e2bc5eb34f8e2af2ab8d077048ab89384e7c8a?s=96&d=mm&r=g","caption":"sts"},"url":"https:\/\/reflectyourstyle.ch\/fr\/author\/sts\/"}]}},"_links":{"self":[{"href":"https:\/\/reflectyourstyle.ch\/fr\/wp-json\/wp\/v2\/posts\/2602","targetHints":{"allow":["GET"]}}],"collection":[{"href":"https:\/\/reflectyourstyle.ch\/fr\/wp-json\/wp\/v2\/posts"}],"about":[{"href":"https:\/\/reflectyourstyle.ch\/fr\/wp-json\/wp\/v2\/types\/post"}],"author":[{"embeddable":true,"href":"https:\/\/reflectyourstyle.ch\/fr\/wp-json\/wp\/v2\/users\/5"}],"replies":[{"embeddable":true,"href":"https:\/\/reflectyourstyle.ch\/fr\/wp-json\/wp\/v2\/comments?post=2602"}],"version-history":[{"count":12,"href":"https:\/\/reflectyourstyle.ch\/fr\/wp-json\/wp\/v2\/posts\/2602\/revisions"}],"predecessor-version":[{"id":4008,"href":"https:\/\/reflectyourstyle.ch\/fr\/wp-json\/wp\/v2\/posts\/2602\/revisions\/4008"}],"wp:featuredmedia":[{"embeddable":true,"href":"https:\/\/reflectyourstyle.ch\/fr\/wp-json\/wp\/v2\/media\/2750"}],"wp:attachment":[{"href":"https:\/\/reflectyourstyle.ch\/fr\/wp-json\/wp\/v2\/media?parent=2602"}],"wp:term":[{"taxonomy":"category","embeddable":true,"href":"https:\/\/reflectyourstyle.ch\/fr\/wp-json\/wp\/v2\/categories?post=2602"},{"taxonomy":"post_tag","embeddable":true,"href":"https:\/\/reflectyourstyle.ch\/fr\/wp-json\/wp\/v2\/tags?post=2602"}],"curies":[{"name":"wp","href":"https:\/\/api.w.org\/{rel}","templated":true}]}}