{"id":3190,"date":"2023-09-08T08:23:37","date_gmt":"2023-09-08T06:23:37","guid":{"rendered":"https:\/\/reflectyourstyle.ch\/?p=3190"},"modified":"2025-01-16T17:10:22","modified_gmt":"2025-01-16T16:10:22","slug":"une-mode-qui-favorise-lempowerment-limpact-du-standard-textile-fairtrade","status":"publish","type":"post","link":"https:\/\/reflectyourstyle.ch\/fr\/une-mode-qui-favorise-lempowerment-limpact-du-standard-textile-fairtrade\/","title":{"rendered":"La mode avec empowerment : l&rsquo;impact du standard Fairtrade pour les textiles.\u00a0"},"content":{"rendered":"<div class=\"double-image\">\n\t\t<img decoding=\"async\" src=\"https:\/\/reflectyourstyle.ch\/wp-content\/uploads\/2023\/09\/Sags_Apparels_India_4-scaled.jpg\" alt=\"\" title=\"Sags_Apparels_India_4\">\n\t<img decoding=\"async\" src=\"https:\/\/reflectyourstyle.ch\/wp-content\/uploads\/2023\/09\/Sags_Apparels_India_3-scaled.jpg\" alt=\"Fairtrade-Textilstandard\" title=\"Sags_Apparels_India_3\">\n<\/div>\n\n\n\n<h2 class=\"wp-block-heading\">La mode avec empowerment : l&rsquo;impact du standard Fairtrade pour les textiles.\u00a0<\/h2>\n\n\n\n<p><strong>L&rsquo;industrie textile est l&rsquo;une des industries les plus importantes et les plus mondialis\u00e9es au monde. Mais sa cha\u00eene d&rsquo;approvisionnement longue et complexe est encore aujourd&rsquo;hui marqu\u00e9e par des conditions de travail pr\u00e9caires, des salaires bas et des de nombreux d\u00e9fis \u00e9cologiques. C&rsquo;est l\u00e0 qu&rsquo;intervient le standard textile Fairtrade. Le renforcement des droits des travailleuses et des travailleurs et l&rsquo;am\u00e9lioration des salaires et des conditions de travail sont au c\u0153ur de cette d\u00e9marche.<\/strong><\/p>\n\n\n\n<p>\u00ab\u00a0<em>Ma vie a compl\u00e8tement chang\u00e9 gr\u00e2ce au commerce \u00e9quitable. Je suis fi\u00e8re de pouvoir subvenir moi-m\u00eame aux besoins de mes filles<\/em>\u00ab\u00a0, d\u00e9clare Sharmilaben Kamli.<\/p>\n\n\n\n<p>Elle travaille chez Purecotz Eco Lifestyles, la premi\u00e8re usine textile certifi\u00e9e Fairtrade en Inde. Sharmilaben \u00e9voque un \u00e9l\u00e9ment cl\u00e9 du standard textile Fairtrade : les salaires de subsistance. Fairtrade est le seul acteur du march\u00e9 \u00e0 les imposer tout au long de la cha\u00eene de cr\u00e9ation de valeur. Les employ\u00e9.e.s re\u00e7oivent en l&rsquo;espace de six ans un salaire de subsistance qui est nettement sup\u00e9rieur au salaire minimum l\u00e9gal et qui permet aux familles d&rsquo;investir dans l&rsquo;avenir et d&rsquo;\u00e9pargner pour faire face aux situations d&rsquo;urgence.<\/p>\n\n\n\n<p>Mais le standard textile Fairtrade va encore plus loin. Il suit une approche globale qui tient compte non seulement des aspects \u00e9conomiques, mais aussi des aspects \u00e9cologiques. La gestion de l&rsquo;eau, des d\u00e9chets et des produits chimiques est au centre des pr\u00e9occupations afin de minimiser l&rsquo;impact environnemental de la production. Il s&rsquo;agit d&rsquo;une \u00e9tape importante pour r\u00e9duire l&#8217;empreinte \u00e9cologique de l&rsquo;industrie de la mode.<\/p>\n\n\n\n<p><\/p>\n\n\n\n<h3 class=\"wp-block-heading\">L\u2019humain es personnes au coeur au centre des pr\u00e9occupations<\/h3>\n\n\n\n<p>\u00ab\u00a0<em>Le standard Fairtrade place les personnes gens au premier plancentre\u00a0\u00bb,<\/em> explique Lokesh M.S. Il est le responsable r\u00e9gional pour la r\u00e9gion Asie\/Pacifique de FLOCERT, l&rsquo;organisation de contr\u00f4le ind\u00e9pendante pour les standards Fairtrade. Compte tenu du fait que plus de 60 millions de personnes dans le monde travaillent dans l&rsquo;industrie textile, dont 80 \u00e0 90 pour cent de femmes, cela rev\u00eat une grande importance. Les heures suppl\u00e9mentaires sont r\u00e9glement\u00e9es, les entreprises accordent \u00e0 leurs employ\u00e9.e.s des cong\u00e9s pay\u00e9s, une protection de la maternit\u00e9 et des soins de sant\u00e9. L&rsquo;interdiction du travail abusif des enfants est particuli\u00e8rement importante et strictement contr\u00f4l\u00e9e.<\/p>\n\n\n\n<p>L&rsquo;approche inclusive de Fairtrade associe des exigences claires \u00e0 un programme d&rsquo;accompagnement qui soutient les travailleuses et les travailleurs et ainsi que les usines sur place, leur permettant et fait d&rsquo;eux d\u2019\u00eatre actrices et acteurs des acteurs actifs du changement. En \u00e9troite collaboration avec les travailleurs.euses et la direction, ces derniers sont form\u00e9s par des syndicats, des partenaires externes et des experts (du commerce \u00e9quitable) dans le cadre de modules de formation complets dans les domaines de la sant\u00e9 et de la s\u00e9curit\u00e9 au travail, du renforcement des droits des travailleurs.euses, des salaires de subsistance, de la gestion de l&rsquo;environnement et des produits chimiques et de l&rsquo;am\u00e9lioration de l&rsquo;efficacit\u00e9 et de la productivit\u00e9. Les travailleurs.euses sont en outre organis\u00e9.e.s d\u00e9mocratiquement et peuvent ainsi consolider et am\u00e9liorer leur position et leur statut au sein de l&rsquo;entreprise, de mani\u00e8re ind\u00e9pendante ou dans le cadre d&rsquo;un syndicat existant.<\/p>\n\n\n\n<p><\/p>\n\n\n\n<h3 class=\"wp-block-heading\">Retour sur les d\u00e9buts de la norme textile Fairtrade<\/h3>\n\n\n\n<p>La catastrophe du \u00ab\u00a0Rana Plaza\u00a0\u00bb a \u00e9t\u00e9 un d\u00e9clencheur d\u00e9cisif pour la remise en question des conditions de travail dans l&rsquo;industrie textile. Il y a une dizaine d&rsquo;ann\u00e9es, le b\u00e2timent d&rsquo;une usine textile s&rsquo;est compl\u00e8tement effondr\u00e9 au Bangladesh. Plus de 1&rsquo;100 personnes ont perdu la vie dans cet accident et plus de 2&rsquo;500 autres ont \u00e9t\u00e9 bless\u00e9es. Il y a une dizaine d&rsquo;ann\u00e9es, le b\u00e2timent de l&rsquo;usine textile \u00ab\u00a0Rana Plaza\u00a0\u00bb s&rsquo;est compl\u00e8tement effondr\u00e9 au Bangladesh. Plus de 1&rsquo;100 personnes ont perdu la vie dans cet accident et plus de 2&rsquo;500 autres ont \u00e9t\u00e9 bless\u00e9es. Tragiquement, cette catastrophe n&rsquo;\u00e9tait que la partie visible de l&rsquo;iceberg dans une industrie qui, pendant des d\u00e9cennies, a syst\u00e9matiquement exploit\u00e9 les droits de ses travailleurs.euses.<\/p>\n\n\n\n<p>Mais cet \u00e9v\u00e9nement a \u00e9galement marqu\u00e9 un tournant et le lancement de la norme textile Fairtrade. Depuis son lancement en 2016, cette norme vise \u00e0 relever de mani\u00e8re cibl\u00e9e les nombreux d\u00e9fis du secteur textile. Il s&rsquo;agit notamment d&rsquo;une transparence accrue le tout au long dess cha\u00eenes d&rsquo;approvisionnement longues et complexes ainsi que du renforcement des droits des travailleurs.euses.<\/p>\n\n\n\n<p><\/p>\n\n\n\n<h3 class=\"wp-block-heading\">Deux standards qui vont de pairDeux normes vont de pair<\/h3>\n\n\n\n<p>Dans le secteur textile, il existe deux standards Fairtrade ind\u00e9pendants : le standard Fairtrade pour les textiles et le standard Fairtrade pour le coton. Le premier suit une approche globale qui prend en compte la cha\u00eene d&rsquo;approvisionnement depuis l&rsquo;\u00e9grenage du coton jusqu&rsquo;\u00e0 la confection du v\u00eatement, en passant par la filature, le tissage et le finissage humide.<\/p>\n\n\n\n<figure class=\"wp-block-image size-full\"><img loading=\"lazy\" decoding=\"async\" width=\"1014\" height=\"230\" src=\"https:\/\/reflectyourstyle.ch\/wp-content\/uploads\/2023\/09\/Bild_in_Text_LieferketteFR.png\" alt=\"\" class=\"wp-image-3247\" srcset=\"https:\/\/reflectyourstyle.ch\/wp-content\/uploads\/2023\/09\/Bild_in_Text_LieferketteFR.png 1014w, https:\/\/reflectyourstyle.ch\/wp-content\/uploads\/2023\/09\/Bild_in_Text_LieferketteFR-300x68.png 300w, https:\/\/reflectyourstyle.ch\/wp-content\/uploads\/2023\/09\/Bild_in_Text_LieferketteFR-768x174.png 768w\" sizes=\"auto, (max-width: 1014px) 100vw, 1014px\" \/><figcaption class=\"wp-element-caption\">Les conditions de travail tout au long de la cha\u00eene de cr\u00e9ation de valeur sont strictement contr\u00f4l\u00e9es par le standard textile Fairtrade.<\/figcaption><\/figure>\n\n\n\n<p>Si en plus du standard textile Fairtrade, le coton transform\u00e9 utilis\u00e9 est \u00e9galement certifi\u00e9 Fairtrade, les consommateurs.trices sont assur\u00e9s que l&rsquo;ensemble de la cha\u00eene d&rsquo;approvisionnement textile, de la culture du coton \u00e0 la confection, est certifi\u00e9e Fairtrade. Le standard coton vise en effet \u00e9galiement \u00e0 garantir offrir des conditions de travail et de vie \u00e9quitables pour les cultivateurs.trices de coton.<br><\/p>\n\n\n\n<h3 class=\"wp-block-heading\">Le commerce \u00e9quitable, c&rsquo;est le fair-play<\/h3>\n\n\n\n<p>Actuellement, les produits textiles issus du commerce \u00e9quitable sont principalement disponibles dans le segment des v\u00eatements d&rsquo;entreprise et du merchandising. Le VfB Stuttgart, qui utilise depuis maintenant deux ans des produits textiles certifi\u00e9s Fairtrade pour ses <a href=\"https:\/\/www.vfb.de\/de\/vfb\/aktuell\/neues\/vfbfairplay\/2122\/fairtrade-nachhaltigere-textil-produkte-und-lieferketten\/\">collections de merchandising<\/a>, en est un exemple. Cette d\u00e9cision envoie un signal puissant fort en faveur du changement dans l&rsquo;industrie textile.<\/p>\n\n\n\n<p>Le standard textile Fairtrade est synonyme de changement r\u00e9el et d&rsquo;autonomisation. Il s&rsquo;engage pour des conditions de travail plus justes, des salaires plus \u00e9lev\u00e9s et une approche respectueuse de notre plan\u00e8te. Ce label symbolise une vision durable et un cheminement conscient vers un monde plus \u00e9quitable.<\/p>\n\n\n\n<p>\u2013<br>Est-ce que tu fais attention aux standards textile Fairtrade? As-tu d\u00e9j\u00e0 achet\u00e9 des v\u00eatements du commerce \u00e9quitable ? Partage ton exp\u00e9rience sur les r\u00e9seaux sociaux #reflectyourstyle ou par mail <a href=\"mailto:initiative@sts2030.ch\">initiative@sts2030.ch<\/a><\/p>\n","protected":false},"excerpt":{"rendered":"<p>D\u00e9couvre comment le label Fairtrade place les personnes au c\u0153ur de la production et transforme les r\u00e8gles du jeu. <\/p>\n","protected":false},"author":5,"featured_media":3203,"comment_status":"open","ping_status":"open","sticky":false,"template":"","format":"standard","meta":{"_acf_changed":false,"footnotes":""},"categories":[46,14],"tags":[49,51],"class_list":["post-3190","post","type-post","status-publish","format-standard","has-post-thumbnail","hentry","category-stories-fr","category-stories","tag-control-fr","tag-fairshopping-fr"],"acf":[],"yoast_head":"<!-- This site is optimized with the Yoast SEO plugin v25.3.1 - https:\/\/yoast.com\/wordpress\/plugins\/seo\/ -->\n<title>La mode avec empowerment : l&#039;impact du standard Fairtrade pour les textiles.\u00a0 - reflect your style<\/title>\n<meta name=\"description\" content=\"L&#039;industrie textile est l&#039;une des industries les plus mondialis\u00e9es au monde. C&#039;est l\u00e0 qu&#039;intervient le standard textile Fairtrade.\" \/>\n<meta name=\"robots\" content=\"index, follow, max-snippet:-1, max-image-preview:large, max-video-preview:-1\" \/>\n<link rel=\"canonical\" href=\"https:\/\/reflectyourstyle.ch\/fr\/une-mode-qui-favorise-lempowerment-limpact-du-standard-textile-fairtrade\/\" \/>\n<meta property=\"og:locale\" content=\"fr_FR\" \/>\n<meta property=\"og:type\" content=\"article\" \/>\n<meta property=\"og:title\" content=\"La mode avec empowerment : l&#039;impact du standard Fairtrade pour les textiles.\u00a0 - reflect your style\" \/>\n<meta property=\"og:description\" content=\"L&#039;industrie textile est l&#039;une des industries les plus mondialis\u00e9es au monde. C&#039;est l\u00e0 qu&#039;intervient le standard textile Fairtrade.\" \/>\n<meta property=\"og:url\" content=\"https:\/\/reflectyourstyle.ch\/fr\/une-mode-qui-favorise-lempowerment-limpact-du-standard-textile-fairtrade\/\" \/>\n<meta property=\"og:site_name\" content=\"reflect your style\" \/>\n<meta property=\"article:published_time\" content=\"2023-09-08T06:23:37+00:00\" \/>\n<meta property=\"article:modified_time\" content=\"2025-01-16T16:10:22+00:00\" \/>\n<meta property=\"og:image\" content=\"https:\/\/reflectyourstyle.ch\/wp-content\/uploads\/2023\/09\/Sags_Apparels_India_3-scaled.jpg\" \/>\n\t<meta property=\"og:image:width\" content=\"2560\" \/>\n\t<meta property=\"og:image:height\" content=\"1703\" \/>\n\t<meta property=\"og:image:type\" content=\"image\/jpeg\" \/>\n<meta name=\"author\" content=\"sts\" \/>\n<meta name=\"twitter:card\" content=\"summary_large_image\" \/>\n<meta name=\"twitter:label1\" content=\"\u00c9crit par\" \/>\n\t<meta name=\"twitter:data1\" content=\"sts\" \/>\n\t<meta name=\"twitter:label2\" content=\"Dur\u00e9e de lecture estim\u00e9e\" \/>\n\t<meta name=\"twitter:data2\" content=\"6 minutes\" \/>\n<script type=\"application\/ld+json\" class=\"yoast-schema-graph\">{\"@context\":\"https:\/\/schema.org\",\"@graph\":[{\"@type\":\"WebPage\",\"@id\":\"https:\/\/reflectyourstyle.ch\/fr\/une-mode-qui-favorise-lempowerment-limpact-du-standard-textile-fairtrade\/\",\"url\":\"https:\/\/reflectyourstyle.ch\/fr\/une-mode-qui-favorise-lempowerment-limpact-du-standard-textile-fairtrade\/\",\"name\":\"La mode avec empowerment : l'impact du standard Fairtrade pour les textiles.\u00a0 - reflect your style\",\"isPartOf\":{\"@id\":\"https:\/\/reflectyourstyle.ch\/fr\/#website\"},\"primaryImageOfPage\":{\"@id\":\"https:\/\/reflectyourstyle.ch\/fr\/une-mode-qui-favorise-lempowerment-limpact-du-standard-textile-fairtrade\/#primaryimage\"},\"image\":{\"@id\":\"https:\/\/reflectyourstyle.ch\/fr\/une-mode-qui-favorise-lempowerment-limpact-du-standard-textile-fairtrade\/#primaryimage\"},\"thumbnailUrl\":\"https:\/\/reflectyourstyle.ch\/wp-content\/uploads\/2023\/09\/Sags_Apparels_India_3-scaled.jpg\",\"datePublished\":\"2023-09-08T06:23:37+00:00\",\"dateModified\":\"2025-01-16T16:10:22+00:00\",\"author\":{\"@id\":\"https:\/\/reflectyourstyle.ch\/fr\/#\/schema\/person\/b13360ceb4867548d6a4d0fb8ea65748\"},\"description\":\"L'industrie textile est l'une des industries les plus mondialis\u00e9es au monde. C'est l\u00e0 qu'intervient le standard textile Fairtrade.\",\"breadcrumb\":{\"@id\":\"https:\/\/reflectyourstyle.ch\/fr\/une-mode-qui-favorise-lempowerment-limpact-du-standard-textile-fairtrade\/#breadcrumb\"},\"inLanguage\":\"fr-FR\",\"potentialAction\":[{\"@type\":\"ReadAction\",\"target\":[\"https:\/\/reflectyourstyle.ch\/fr\/une-mode-qui-favorise-lempowerment-limpact-du-standard-textile-fairtrade\/\"]}]},{\"@type\":\"ImageObject\",\"inLanguage\":\"fr-FR\",\"@id\":\"https:\/\/reflectyourstyle.ch\/fr\/une-mode-qui-favorise-lempowerment-limpact-du-standard-textile-fairtrade\/#primaryimage\",\"url\":\"https:\/\/reflectyourstyle.ch\/wp-content\/uploads\/2023\/09\/Sags_Apparels_India_3-scaled.jpg\",\"contentUrl\":\"https:\/\/reflectyourstyle.ch\/wp-content\/uploads\/2023\/09\/Sags_Apparels_India_3-scaled.jpg\",\"width\":2560,\"height\":1703,\"caption\":\"Detailed shot of stitching fabrics at Sags Apparels, Tiruppur, Tamilnadu, India.\"},{\"@type\":\"BreadcrumbList\",\"@id\":\"https:\/\/reflectyourstyle.ch\/fr\/une-mode-qui-favorise-lempowerment-limpact-du-standard-textile-fairtrade\/#breadcrumb\",\"itemListElement\":[{\"@type\":\"ListItem\",\"position\":1,\"name\":\"Startseite\",\"item\":\"https:\/\/reflectyourstyle.ch\/fr\/\"},{\"@type\":\"ListItem\",\"position\":2,\"name\":\"La mode avec empowerment : l&#8217;impact du standard Fairtrade pour les textiles.\u00a0\"}]},{\"@type\":\"WebSite\",\"@id\":\"https:\/\/reflectyourstyle.ch\/fr\/#website\",\"url\":\"https:\/\/reflectyourstyle.ch\/fr\/\",\"name\":\"reflect your style\",\"description\":\"\",\"potentialAction\":[{\"@type\":\"SearchAction\",\"target\":{\"@type\":\"EntryPoint\",\"urlTemplate\":\"https:\/\/reflectyourstyle.ch\/fr\/?s={search_term_string}\"},\"query-input\":{\"@type\":\"PropertyValueSpecification\",\"valueRequired\":true,\"valueName\":\"search_term_string\"}}],\"inLanguage\":\"fr-FR\"},{\"@type\":\"Person\",\"@id\":\"https:\/\/reflectyourstyle.ch\/fr\/#\/schema\/person\/b13360ceb4867548d6a4d0fb8ea65748\",\"name\":\"sts\",\"image\":{\"@type\":\"ImageObject\",\"inLanguage\":\"fr-FR\",\"@id\":\"https:\/\/reflectyourstyle.ch\/fr\/#\/schema\/person\/image\/\",\"url\":\"https:\/\/secure.gravatar.com\/avatar\/21706817544124caa9f21ba8a9e2bc5eb34f8e2af2ab8d077048ab89384e7c8a?s=96&d=mm&r=g\",\"contentUrl\":\"https:\/\/secure.gravatar.com\/avatar\/21706817544124caa9f21ba8a9e2bc5eb34f8e2af2ab8d077048ab89384e7c8a?s=96&d=mm&r=g\",\"caption\":\"sts\"},\"url\":\"https:\/\/reflectyourstyle.ch\/fr\/author\/sts\/\"}]}<\/script>\n<!-- \/ Yoast SEO plugin. -->","yoast_head_json":{"title":"La mode avec empowerment : l'impact du standard Fairtrade pour les textiles.\u00a0 - reflect your style","description":"L'industrie textile est l'une des industries les plus mondialis\u00e9es au monde. C'est l\u00e0 qu'intervient le standard textile Fairtrade.","robots":{"index":"index","follow":"follow","max-snippet":"max-snippet:-1","max-image-preview":"max-image-preview:large","max-video-preview":"max-video-preview:-1"},"canonical":"https:\/\/reflectyourstyle.ch\/fr\/une-mode-qui-favorise-lempowerment-limpact-du-standard-textile-fairtrade\/","og_locale":"fr_FR","og_type":"article","og_title":"La mode avec empowerment : l'impact du standard Fairtrade pour les textiles.\u00a0 - reflect your style","og_description":"L'industrie textile est l'une des industries les plus mondialis\u00e9es au monde. C'est l\u00e0 qu'intervient le standard textile Fairtrade.","og_url":"https:\/\/reflectyourstyle.ch\/fr\/une-mode-qui-favorise-lempowerment-limpact-du-standard-textile-fairtrade\/","og_site_name":"reflect your style","article_published_time":"2023-09-08T06:23:37+00:00","article_modified_time":"2025-01-16T16:10:22+00:00","og_image":[{"width":2560,"height":1703,"url":"https:\/\/reflectyourstyle.ch\/wp-content\/uploads\/2023\/09\/Sags_Apparels_India_3-scaled.jpg","type":"image\/jpeg"}],"author":"sts","twitter_card":"summary_large_image","twitter_misc":{"\u00c9crit par":"sts","Dur\u00e9e de lecture estim\u00e9e":"6 minutes"},"schema":{"@context":"https:\/\/schema.org","@graph":[{"@type":"WebPage","@id":"https:\/\/reflectyourstyle.ch\/fr\/une-mode-qui-favorise-lempowerment-limpact-du-standard-textile-fairtrade\/","url":"https:\/\/reflectyourstyle.ch\/fr\/une-mode-qui-favorise-lempowerment-limpact-du-standard-textile-fairtrade\/","name":"La mode avec empowerment : l'impact du standard Fairtrade pour les textiles.\u00a0 - reflect your style","isPartOf":{"@id":"https:\/\/reflectyourstyle.ch\/fr\/#website"},"primaryImageOfPage":{"@id":"https:\/\/reflectyourstyle.ch\/fr\/une-mode-qui-favorise-lempowerment-limpact-du-standard-textile-fairtrade\/#primaryimage"},"image":{"@id":"https:\/\/reflectyourstyle.ch\/fr\/une-mode-qui-favorise-lempowerment-limpact-du-standard-textile-fairtrade\/#primaryimage"},"thumbnailUrl":"https:\/\/reflectyourstyle.ch\/wp-content\/uploads\/2023\/09\/Sags_Apparels_India_3-scaled.jpg","datePublished":"2023-09-08T06:23:37+00:00","dateModified":"2025-01-16T16:10:22+00:00","author":{"@id":"https:\/\/reflectyourstyle.ch\/fr\/#\/schema\/person\/b13360ceb4867548d6a4d0fb8ea65748"},"description":"L'industrie textile est l'une des industries les plus mondialis\u00e9es au monde. C'est l\u00e0 qu'intervient le standard textile Fairtrade.","breadcrumb":{"@id":"https:\/\/reflectyourstyle.ch\/fr\/une-mode-qui-favorise-lempowerment-limpact-du-standard-textile-fairtrade\/#breadcrumb"},"inLanguage":"fr-FR","potentialAction":[{"@type":"ReadAction","target":["https:\/\/reflectyourstyle.ch\/fr\/une-mode-qui-favorise-lempowerment-limpact-du-standard-textile-fairtrade\/"]}]},{"@type":"ImageObject","inLanguage":"fr-FR","@id":"https:\/\/reflectyourstyle.ch\/fr\/une-mode-qui-favorise-lempowerment-limpact-du-standard-textile-fairtrade\/#primaryimage","url":"https:\/\/reflectyourstyle.ch\/wp-content\/uploads\/2023\/09\/Sags_Apparels_India_3-scaled.jpg","contentUrl":"https:\/\/reflectyourstyle.ch\/wp-content\/uploads\/2023\/09\/Sags_Apparels_India_3-scaled.jpg","width":2560,"height":1703,"caption":"Detailed shot of stitching fabrics at Sags Apparels, Tiruppur, Tamilnadu, India."},{"@type":"BreadcrumbList","@id":"https:\/\/reflectyourstyle.ch\/fr\/une-mode-qui-favorise-lempowerment-limpact-du-standard-textile-fairtrade\/#breadcrumb","itemListElement":[{"@type":"ListItem","position":1,"name":"Startseite","item":"https:\/\/reflectyourstyle.ch\/fr\/"},{"@type":"ListItem","position":2,"name":"La mode avec empowerment : l&#8217;impact du standard Fairtrade pour les textiles.\u00a0"}]},{"@type":"WebSite","@id":"https:\/\/reflectyourstyle.ch\/fr\/#website","url":"https:\/\/reflectyourstyle.ch\/fr\/","name":"reflect your style","description":"","potentialAction":[{"@type":"SearchAction","target":{"@type":"EntryPoint","urlTemplate":"https:\/\/reflectyourstyle.ch\/fr\/?s={search_term_string}"},"query-input":{"@type":"PropertyValueSpecification","valueRequired":true,"valueName":"search_term_string"}}],"inLanguage":"fr-FR"},{"@type":"Person","@id":"https:\/\/reflectyourstyle.ch\/fr\/#\/schema\/person\/b13360ceb4867548d6a4d0fb8ea65748","name":"sts","image":{"@type":"ImageObject","inLanguage":"fr-FR","@id":"https:\/\/reflectyourstyle.ch\/fr\/#\/schema\/person\/image\/","url":"https:\/\/secure.gravatar.com\/avatar\/21706817544124caa9f21ba8a9e2bc5eb34f8e2af2ab8d077048ab89384e7c8a?s=96&d=mm&r=g","contentUrl":"https:\/\/secure.gravatar.com\/avatar\/21706817544124caa9f21ba8a9e2bc5eb34f8e2af2ab8d077048ab89384e7c8a?s=96&d=mm&r=g","caption":"sts"},"url":"https:\/\/reflectyourstyle.ch\/fr\/author\/sts\/"}]}},"_links":{"self":[{"href":"https:\/\/reflectyourstyle.ch\/fr\/wp-json\/wp\/v2\/posts\/3190","targetHints":{"allow":["GET"]}}],"collection":[{"href":"https:\/\/reflectyourstyle.ch\/fr\/wp-json\/wp\/v2\/posts"}],"about":[{"href":"https:\/\/reflectyourstyle.ch\/fr\/wp-json\/wp\/v2\/types\/post"}],"author":[{"embeddable":true,"href":"https:\/\/reflectyourstyle.ch\/fr\/wp-json\/wp\/v2\/users\/5"}],"replies":[{"embeddable":true,"href":"https:\/\/reflectyourstyle.ch\/fr\/wp-json\/wp\/v2\/comments?post=3190"}],"version-history":[{"count":12,"href":"https:\/\/reflectyourstyle.ch\/fr\/wp-json\/wp\/v2\/posts\/3190\/revisions"}],"predecessor-version":[{"id":4000,"href":"https:\/\/reflectyourstyle.ch\/fr\/wp-json\/wp\/v2\/posts\/3190\/revisions\/4000"}],"wp:featuredmedia":[{"embeddable":true,"href":"https:\/\/reflectyourstyle.ch\/fr\/wp-json\/wp\/v2\/media\/3203"}],"wp:attachment":[{"href":"https:\/\/reflectyourstyle.ch\/fr\/wp-json\/wp\/v2\/media?parent=3190"}],"wp:term":[{"taxonomy":"category","embeddable":true,"href":"https:\/\/reflectyourstyle.ch\/fr\/wp-json\/wp\/v2\/categories?post=3190"},{"taxonomy":"post_tag","embeddable":true,"href":"https:\/\/reflectyourstyle.ch\/fr\/wp-json\/wp\/v2\/tags?post=3190"}],"curies":[{"name":"wp","href":"https:\/\/api.w.org\/{rel}","templated":true}]}}