{"id":3303,"date":"2023-09-25T09:53:49","date_gmt":"2023-09-25T07:53:49","guid":{"rendered":"https:\/\/reflectyourstyle.ch\/?p=3303"},"modified":"2025-01-16T17:09:39","modified_gmt":"2025-01-16T16:09:39","slug":"empreinte-carbone-de-nos-t-shirts-quel-est-le-choix-le-plus-respectueux-du-climat","status":"publish","type":"post","link":"https:\/\/reflectyourstyle.ch\/fr\/empreinte-carbone-de-nos-t-shirts-quel-est-le-choix-le-plus-respectueux-du-climat\/","title":{"rendered":"Empreinte carbone de nos t-shirts : quel choix privil\u00e9gier pour le climat ?\u00a0"},"content":{"rendered":"<div class=\"double-image\">\n\t\t<img decoding=\"async\" src=\"https:\/\/reflectyourstyle.ch\/wp-content\/uploads\/2023\/09\/fabric-3709238_1280.jpg\" alt=\"\" title=\"fabric-3709238_1280\">\n\t<img decoding=\"async\" src=\"https:\/\/reflectyourstyle.ch\/wp-content\/uploads\/2023\/09\/girl-839613_1280.jpg\" alt=\"\" title=\"girl-839613_1280\">\n<\/div>\n\n\n\n<h2 class=\"wp-block-heading\">Empreinte carbone de nos t-shirts : quel choix privil\u00e9gier pour le climat ?\u00a0<\/h2>\n\n\n\n<p><strong>L&rsquo;achat d&rsquo;un t-shirt peut se r\u00e9v\u00e9ler particuli\u00e8rement exigeant. C&rsquo;est le cas si, en plus de la taille, de la coupe et de la couleur, tu souhaites \u00e9galement prendre en compte l&rsquo;impact \u00e9cologique de ton v\u00eatement. Surgissent alors soudainement des questions parfois complexes : quelle est l&#8217;empreinte carbone de mes t-shirts ? Et par quels moyens puis-je la r\u00e9duire ? Nous r\u00e9pondons \u00e0 ces questions et partageons, outre des conseils g\u00e9n\u00e9raux pour une consommation de mode consciente, une comparaison des \u00e9missions de CO2 de diff\u00e9rents mat\u00e9riaux.<\/strong><\/p>\n\n\n\n<h3 class=\"wp-block-heading\">Combien d&rsquo;\u00e9missions de CO2 se cachent dans ton t-shirt ?<\/h3>\n\n\n\n<p>Bien entendu, le v\u00eatement le plus respectueux du climat est celui qui se trouve d\u00e9j\u00e0 dans ton armoire. Plus tu portes un t-shirt longtemps, plus il est \u00ab\u00a0\u00e9cologique\u00a0\u00bb. Ce principe s&rsquo;applique \u00e9galement aux v\u00eatements d&rsquo;occasion. En achetant ou en troquant un t-shirt, un pantalon ou un sweat d&rsquo;occasion, tu \u00e9conomises 100 % des \u00e9missions de CO2 qui auraient \u00e9t\u00e9 g\u00e9n\u00e9r\u00e9es lors de la production d&rsquo;un v\u00eatement neuf.<\/p>\n\n\n\n<p>Et si tu optes quand m\u00eame pour du neuf, veilles \u00e0 choisir des mat\u00e9riaux respectueux du climat. Car porter des v\u00eatements en coton bio, en coton ou en polyester fait une grande diff\u00e9rence.<\/p>\n\n\n\n<h3 class=\"wp-block-heading\">Fibres naturelles et fibres synth\u00e9tiques<\/h3>\n\n\n\n<p>Pour les fibres naturelles comme le coton ou le lin, le mode de culture de la mati\u00e8re premi\u00e8re joue un r\u00f4le d\u00e9cisif. Un t-shirt en coton conventionnel obtient un r\u00e9sultat nettement moins bon que celui d&rsquo;un t-shirt en coton bio. Ainsi, en optant pour un t-shirt en<a href=\"https:\/\/reflectyourstyle.ch\/fr\/le-coton-equitable-gage-de-justice-sociale\/\"> coton bio<\/a>, tu fais le choix d&rsquo;un produit dont la culture de la mati\u00e8re premi\u00e8re g\u00e9n\u00e8re 50 \u00e0 60 %* d&rsquo;\u00e9missions de CO2 en moins par rapport \u00e0 un t-shirt en coton conventionnel.<\/p>\n\n\n\n<p>Les fibres synth\u00e9tiques, telles que le polyester ou le nylon, sont produites chimiquement \u00e0 partir de combustibles fossiles tels que le p\u00e9trole. La mati\u00e8re premi\u00e8re en elle-m\u00eame a un impact plus important sur l&rsquo;environnement, car sa combustion g\u00e9n\u00e8re plus d&rsquo;\u00e9missions de CO2 que les fibres v\u00e9g\u00e9tales. Autrement dit, les tissus \u00e0 base de fibres synth\u00e9tiques sont moins respectueux du climat que les fibres naturelles v\u00e9g\u00e9tales.<\/p>\n\n\n\n<p>Lorsque tu ach\u00e8tes une veste de pluie ou un t-shirt de sport neufs en fibres synth\u00e9tiques, privil\u00e9gie ceux qui contiennent une part de mat\u00e9riaux recycl\u00e9s. Les mat\u00e9riaux recycl\u00e9s sont toujours plus respectueux du climat que les mat\u00e9riaux neufs. Pour le polyester, la diff\u00e9rence est d&rsquo;environ 40 %*. Un t-shirt en polyester recycl\u00e9 est donc sensiblement plus respectueux de l&rsquo;environnement qu&rsquo;un t-shirt en polyester vierge. De m\u00eame, pour le nylon, les \u00e9missions de CO2 sont nettement moins importantes lorsque des mat\u00e9riaux recycl\u00e9s sont utilis\u00e9s pour la production d&rsquo;un t-shirt. Ces \u00e9conomies s&rsquo;expliquent par le fait que le traitement des fibres usag\u00e9es n\u00e9cessite moins d&rsquo;\u00e9nergie que la production de fibres neuves. De plus, on r\u00e9utilise des mat\u00e9riaux existants, ce qui correspond au principe de l&rsquo;\u00e9conomie circulaire et permet de r\u00e9duire la quantit\u00e9 de d\u00e9chets.<\/p>\n\n\n\n<p><\/p>\n\n\n\n<h3 class=\"wp-block-heading\">Provenance et mix \u00e9nerg\u00e9tique<\/h3>\n\n\n\n<p>Les informations sur le pays de production peuvent \u00e9galement t&rsquo;aider \u00e0 r\u00e9duire au maximum l&#8217;empreinte \u00e9cologique lors de l&rsquo;achat d&rsquo;un t-shirt. Une grande partie de nos textiles sont fabriqu\u00e9s en Chine, au Bangladesh, en Inde ou au Pakistan. Dans ces pays de production, l&rsquo;\u00e9lectricit\u00e9 n\u00e9cessaire \u00e0 la fabrication des t-shirts et autres v\u00eatements provient g\u00e9n\u00e9ralement du charbon ou du p\u00e9trole. Cela entra\u00eene d&rsquo;importantes \u00e9missions de gaz \u00e0 effet de serre durant la phase de production. \u00c0 cela s&rsquo;ajoute le fait que les v\u00eatements provenant de sites de production situ\u00e9s en Asie sont transport\u00e9s sur de longues distances, ce qui entra\u00eene des \u00e9missions de CO2 suppl\u00e9mentaires.<\/p>\n\n\n\n<p>Un t-shirt fabriqu\u00e9 en Europe, par exemple au Portugal, en Italie ou en Turquie, pr\u00e9sente de nombreux avantages. La transformation des textiles dans ces pays est g\u00e9n\u00e9ralement moins polluante gr\u00e2ce \u00e0 des sources d&rsquo;\u00e9nergie (souvent) plus durables. Au Portugal, par exemple, il s&rsquo;agit souvent d&rsquo;\u00e9nergie \u00e9olienne et solaire. En outre, les distances de transport en Europe sont nettement plus courtes que pour les textiles produits en Asie. Il convient donc de bien lire l&rsquo;\u00e9tiquette de ton t-shirt ou de tout autre v\u00eatement et, en cas de doute, de poser des questions au personnel de vente sur les mat\u00e9riaux et le pays de production. Si tu effectues tes achats en ligne, tu trouveras la plupart du temps \u00e9galement des informations compl\u00e8tes sur les mat\u00e9riaux et la provenance.<\/p>\n\n\n\n<p><\/p>\n\n\n\n<h3 class=\"wp-block-heading\">Quatre conseils \u00e0 fort impact<\/h3>\n\n\n\n<p>Afin que ta fashion exp\u00e9rience ne devienne pas un calvaire et que tu puisses apporter une contribution positive au climat et \u00e0 l&rsquo;environnement, voici donc un r\u00e9sum\u00e9 des principaux points \u00e0 prendre en compte pour faire des choix respectueux du climat.<\/p>\n\n\n\n<ul class=\"wp-block-list\">\n<li><strong>La long\u00e9vit\u00e9<\/strong> r\u00e9duit l&#8217;empreinte \u00e9cologique : porter ses v\u00eatements longtemps et les r\u00e9parer si possible en cas de casse.<\/li>\n\n\n\n<li>Privil\u00e9gier les v\u00eatements de <strong>seconde main<\/strong>.<\/li>\n\n\n\n<li>Lors de l&rsquo;achat de nouveaux v\u00eatements, faire attention \u00e0 <strong>la mati\u00e8re premi\u00e8re<\/strong> : pour les fibres naturelles, privil\u00e9gier celles issues de l&rsquo;agriculture biologique, pour les fibres synth\u00e9tiques, choisir celles qui pr\u00e9sentent un taux de recyclage \u00e9lev\u00e9.<\/li>\n\n\n\n<li>Tenir compte du <strong>pays d&rsquo;origine<\/strong> lors de l&rsquo;achat de v\u00eatements.<\/li>\n<\/ul>\n\n\n\n<p>\u2013<br>Partage ton exp\u00e9rience sur les r\u00e9seaux sociaux <a href=\"https:\/\/www.instagram.com\/reflectyourstyle.ch\/\">#reflectyourstyle<\/a> ou par mail <a href=\"mailto:initiative@sts2030.ch\">initiative@sts2030.ch<\/a><\/p>\n","protected":false},"excerpt":{"rendered":"<p>D\u00e9couvre comment reconna\u00eetre le t-shirt le plus durable. <\/p>\n","protected":false},"author":5,"featured_media":3310,"comment_status":"open","ping_status":"open","sticky":false,"template":"","format":"standard","meta":{"_acf_changed":false,"footnotes":""},"categories":[47,14],"tags":[49,51,54,71],"class_list":["post-3303","post","type-post","status-publish","format-standard","has-post-thumbnail","hentry","category-good-to-know-fr","category-stories","tag-control-fr","tag-fairshopping-fr","tag-reduce-fr","tag-climateaction-fr"],"acf":[],"yoast_head":"<!-- This site is optimized with the Yoast SEO plugin v25.3.1 - https:\/\/yoast.com\/wordpress\/plugins\/seo\/ -->\n<title>Empreinte carbone de nos t-shirts : quel choix privil\u00e9gier pour le climat ?\u00a0 - reflect your style<\/title>\n<meta name=\"description\" content=\"L&#039;achat d&#039;un t-shirt peut soudain devenir encore plus exigeant. - qui r\u00e9pondent \u00e0 l&#039;empreinte carbone de vos t-shirts.\" \/>\n<meta name=\"robots\" content=\"index, follow, max-snippet:-1, max-image-preview:large, max-video-preview:-1\" \/>\n<link rel=\"canonical\" href=\"https:\/\/reflectyourstyle.ch\/fr\/empreinte-carbone-de-nos-t-shirts-quel-est-le-choix-le-plus-respectueux-du-climat\/\" \/>\n<meta property=\"og:locale\" content=\"fr_FR\" \/>\n<meta property=\"og:type\" content=\"article\" \/>\n<meta property=\"og:title\" content=\"Empreinte carbone de nos t-shirts : quel choix privil\u00e9gier pour le climat ?\u00a0 - reflect your style\" \/>\n<meta property=\"og:description\" content=\"L&#039;achat d&#039;un t-shirt peut soudain devenir encore plus exigeant. - qui r\u00e9pondent \u00e0 l&#039;empreinte carbone de vos t-shirts.\" \/>\n<meta property=\"og:url\" content=\"https:\/\/reflectyourstyle.ch\/fr\/empreinte-carbone-de-nos-t-shirts-quel-est-le-choix-le-plus-respectueux-du-climat\/\" \/>\n<meta property=\"og:site_name\" content=\"reflect your style\" \/>\n<meta property=\"article:published_time\" content=\"2023-09-25T07:53:49+00:00\" \/>\n<meta property=\"article:modified_time\" content=\"2025-01-16T16:09:39+00:00\" \/>\n<meta property=\"og:image\" content=\"https:\/\/reflectyourstyle.ch\/wp-content\/uploads\/2023\/09\/girl-839613_1280.jpg\" \/>\n\t<meta property=\"og:image:width\" content=\"1280\" \/>\n\t<meta property=\"og:image:height\" content=\"853\" \/>\n\t<meta property=\"og:image:type\" content=\"image\/jpeg\" \/>\n<meta name=\"author\" content=\"sts\" \/>\n<meta name=\"twitter:card\" content=\"summary_large_image\" \/>\n<meta name=\"twitter:label1\" content=\"\u00c9crit par\" \/>\n\t<meta name=\"twitter:data1\" content=\"sts\" \/>\n\t<meta name=\"twitter:label2\" content=\"Dur\u00e9e de lecture estim\u00e9e\" \/>\n\t<meta name=\"twitter:data2\" content=\"5 minutes\" \/>\n<script type=\"application\/ld+json\" class=\"yoast-schema-graph\">{\"@context\":\"https:\/\/schema.org\",\"@graph\":[{\"@type\":\"WebPage\",\"@id\":\"https:\/\/reflectyourstyle.ch\/fr\/empreinte-carbone-de-nos-t-shirts-quel-est-le-choix-le-plus-respectueux-du-climat\/\",\"url\":\"https:\/\/reflectyourstyle.ch\/fr\/empreinte-carbone-de-nos-t-shirts-quel-est-le-choix-le-plus-respectueux-du-climat\/\",\"name\":\"Empreinte carbone de nos t-shirts : quel choix privil\u00e9gier pour le climat ?\u00a0 - reflect your style\",\"isPartOf\":{\"@id\":\"https:\/\/reflectyourstyle.ch\/fr\/#website\"},\"primaryImageOfPage\":{\"@id\":\"https:\/\/reflectyourstyle.ch\/fr\/empreinte-carbone-de-nos-t-shirts-quel-est-le-choix-le-plus-respectueux-du-climat\/#primaryimage\"},\"image\":{\"@id\":\"https:\/\/reflectyourstyle.ch\/fr\/empreinte-carbone-de-nos-t-shirts-quel-est-le-choix-le-plus-respectueux-du-climat\/#primaryimage\"},\"thumbnailUrl\":\"https:\/\/reflectyourstyle.ch\/wp-content\/uploads\/2023\/09\/girl-839613_1280.jpg\",\"datePublished\":\"2023-09-25T07:53:49+00:00\",\"dateModified\":\"2025-01-16T16:09:39+00:00\",\"author\":{\"@id\":\"https:\/\/reflectyourstyle.ch\/fr\/#\/schema\/person\/b13360ceb4867548d6a4d0fb8ea65748\"},\"description\":\"L'achat d'un t-shirt peut soudain devenir encore plus exigeant. - qui r\u00e9pondent \u00e0 l'empreinte carbone de vos t-shirts.\",\"breadcrumb\":{\"@id\":\"https:\/\/reflectyourstyle.ch\/fr\/empreinte-carbone-de-nos-t-shirts-quel-est-le-choix-le-plus-respectueux-du-climat\/#breadcrumb\"},\"inLanguage\":\"fr-FR\",\"potentialAction\":[{\"@type\":\"ReadAction\",\"target\":[\"https:\/\/reflectyourstyle.ch\/fr\/empreinte-carbone-de-nos-t-shirts-quel-est-le-choix-le-plus-respectueux-du-climat\/\"]}]},{\"@type\":\"ImageObject\",\"inLanguage\":\"fr-FR\",\"@id\":\"https:\/\/reflectyourstyle.ch\/fr\/empreinte-carbone-de-nos-t-shirts-quel-est-le-choix-le-plus-respectueux-du-climat\/#primaryimage\",\"url\":\"https:\/\/reflectyourstyle.ch\/wp-content\/uploads\/2023\/09\/girl-839613_1280.jpg\",\"contentUrl\":\"https:\/\/reflectyourstyle.ch\/wp-content\/uploads\/2023\/09\/girl-839613_1280.jpg\",\"width\":1280,\"height\":853},{\"@type\":\"BreadcrumbList\",\"@id\":\"https:\/\/reflectyourstyle.ch\/fr\/empreinte-carbone-de-nos-t-shirts-quel-est-le-choix-le-plus-respectueux-du-climat\/#breadcrumb\",\"itemListElement\":[{\"@type\":\"ListItem\",\"position\":1,\"name\":\"Startseite\",\"item\":\"https:\/\/reflectyourstyle.ch\/fr\/\"},{\"@type\":\"ListItem\",\"position\":2,\"name\":\"Empreinte carbone de nos t-shirts : quel choix privil\u00e9gier pour le climat ?\u00a0\"}]},{\"@type\":\"WebSite\",\"@id\":\"https:\/\/reflectyourstyle.ch\/fr\/#website\",\"url\":\"https:\/\/reflectyourstyle.ch\/fr\/\",\"name\":\"reflect your style\",\"description\":\"\",\"potentialAction\":[{\"@type\":\"SearchAction\",\"target\":{\"@type\":\"EntryPoint\",\"urlTemplate\":\"https:\/\/reflectyourstyle.ch\/fr\/?s={search_term_string}\"},\"query-input\":{\"@type\":\"PropertyValueSpecification\",\"valueRequired\":true,\"valueName\":\"search_term_string\"}}],\"inLanguage\":\"fr-FR\"},{\"@type\":\"Person\",\"@id\":\"https:\/\/reflectyourstyle.ch\/fr\/#\/schema\/person\/b13360ceb4867548d6a4d0fb8ea65748\",\"name\":\"sts\",\"image\":{\"@type\":\"ImageObject\",\"inLanguage\":\"fr-FR\",\"@id\":\"https:\/\/reflectyourstyle.ch\/fr\/#\/schema\/person\/image\/\",\"url\":\"https:\/\/secure.gravatar.com\/avatar\/21706817544124caa9f21ba8a9e2bc5eb34f8e2af2ab8d077048ab89384e7c8a?s=96&d=mm&r=g\",\"contentUrl\":\"https:\/\/secure.gravatar.com\/avatar\/21706817544124caa9f21ba8a9e2bc5eb34f8e2af2ab8d077048ab89384e7c8a?s=96&d=mm&r=g\",\"caption\":\"sts\"},\"url\":\"https:\/\/reflectyourstyle.ch\/fr\/author\/sts\/\"}]}<\/script>\n<!-- \/ Yoast SEO plugin. -->","yoast_head_json":{"title":"Empreinte carbone de nos t-shirts : quel choix privil\u00e9gier pour le climat ?\u00a0 - reflect your style","description":"L'achat d'un t-shirt peut soudain devenir encore plus exigeant. - qui r\u00e9pondent \u00e0 l'empreinte carbone de vos t-shirts.","robots":{"index":"index","follow":"follow","max-snippet":"max-snippet:-1","max-image-preview":"max-image-preview:large","max-video-preview":"max-video-preview:-1"},"canonical":"https:\/\/reflectyourstyle.ch\/fr\/empreinte-carbone-de-nos-t-shirts-quel-est-le-choix-le-plus-respectueux-du-climat\/","og_locale":"fr_FR","og_type":"article","og_title":"Empreinte carbone de nos t-shirts : quel choix privil\u00e9gier pour le climat ?\u00a0 - reflect your style","og_description":"L'achat d'un t-shirt peut soudain devenir encore plus exigeant. - qui r\u00e9pondent \u00e0 l'empreinte carbone de vos t-shirts.","og_url":"https:\/\/reflectyourstyle.ch\/fr\/empreinte-carbone-de-nos-t-shirts-quel-est-le-choix-le-plus-respectueux-du-climat\/","og_site_name":"reflect your style","article_published_time":"2023-09-25T07:53:49+00:00","article_modified_time":"2025-01-16T16:09:39+00:00","og_image":[{"width":1280,"height":853,"url":"https:\/\/reflectyourstyle.ch\/wp-content\/uploads\/2023\/09\/girl-839613_1280.jpg","type":"image\/jpeg"}],"author":"sts","twitter_card":"summary_large_image","twitter_misc":{"\u00c9crit par":"sts","Dur\u00e9e de lecture estim\u00e9e":"5 minutes"},"schema":{"@context":"https:\/\/schema.org","@graph":[{"@type":"WebPage","@id":"https:\/\/reflectyourstyle.ch\/fr\/empreinte-carbone-de-nos-t-shirts-quel-est-le-choix-le-plus-respectueux-du-climat\/","url":"https:\/\/reflectyourstyle.ch\/fr\/empreinte-carbone-de-nos-t-shirts-quel-est-le-choix-le-plus-respectueux-du-climat\/","name":"Empreinte carbone de nos t-shirts : quel choix privil\u00e9gier pour le climat ?\u00a0 - reflect your style","isPartOf":{"@id":"https:\/\/reflectyourstyle.ch\/fr\/#website"},"primaryImageOfPage":{"@id":"https:\/\/reflectyourstyle.ch\/fr\/empreinte-carbone-de-nos-t-shirts-quel-est-le-choix-le-plus-respectueux-du-climat\/#primaryimage"},"image":{"@id":"https:\/\/reflectyourstyle.ch\/fr\/empreinte-carbone-de-nos-t-shirts-quel-est-le-choix-le-plus-respectueux-du-climat\/#primaryimage"},"thumbnailUrl":"https:\/\/reflectyourstyle.ch\/wp-content\/uploads\/2023\/09\/girl-839613_1280.jpg","datePublished":"2023-09-25T07:53:49+00:00","dateModified":"2025-01-16T16:09:39+00:00","author":{"@id":"https:\/\/reflectyourstyle.ch\/fr\/#\/schema\/person\/b13360ceb4867548d6a4d0fb8ea65748"},"description":"L'achat d'un t-shirt peut soudain devenir encore plus exigeant. - qui r\u00e9pondent \u00e0 l'empreinte carbone de vos t-shirts.","breadcrumb":{"@id":"https:\/\/reflectyourstyle.ch\/fr\/empreinte-carbone-de-nos-t-shirts-quel-est-le-choix-le-plus-respectueux-du-climat\/#breadcrumb"},"inLanguage":"fr-FR","potentialAction":[{"@type":"ReadAction","target":["https:\/\/reflectyourstyle.ch\/fr\/empreinte-carbone-de-nos-t-shirts-quel-est-le-choix-le-plus-respectueux-du-climat\/"]}]},{"@type":"ImageObject","inLanguage":"fr-FR","@id":"https:\/\/reflectyourstyle.ch\/fr\/empreinte-carbone-de-nos-t-shirts-quel-est-le-choix-le-plus-respectueux-du-climat\/#primaryimage","url":"https:\/\/reflectyourstyle.ch\/wp-content\/uploads\/2023\/09\/girl-839613_1280.jpg","contentUrl":"https:\/\/reflectyourstyle.ch\/wp-content\/uploads\/2023\/09\/girl-839613_1280.jpg","width":1280,"height":853},{"@type":"BreadcrumbList","@id":"https:\/\/reflectyourstyle.ch\/fr\/empreinte-carbone-de-nos-t-shirts-quel-est-le-choix-le-plus-respectueux-du-climat\/#breadcrumb","itemListElement":[{"@type":"ListItem","position":1,"name":"Startseite","item":"https:\/\/reflectyourstyle.ch\/fr\/"},{"@type":"ListItem","position":2,"name":"Empreinte carbone de nos t-shirts : quel choix privil\u00e9gier pour le climat ?\u00a0"}]},{"@type":"WebSite","@id":"https:\/\/reflectyourstyle.ch\/fr\/#website","url":"https:\/\/reflectyourstyle.ch\/fr\/","name":"reflect your style","description":"","potentialAction":[{"@type":"SearchAction","target":{"@type":"EntryPoint","urlTemplate":"https:\/\/reflectyourstyle.ch\/fr\/?s={search_term_string}"},"query-input":{"@type":"PropertyValueSpecification","valueRequired":true,"valueName":"search_term_string"}}],"inLanguage":"fr-FR"},{"@type":"Person","@id":"https:\/\/reflectyourstyle.ch\/fr\/#\/schema\/person\/b13360ceb4867548d6a4d0fb8ea65748","name":"sts","image":{"@type":"ImageObject","inLanguage":"fr-FR","@id":"https:\/\/reflectyourstyle.ch\/fr\/#\/schema\/person\/image\/","url":"https:\/\/secure.gravatar.com\/avatar\/21706817544124caa9f21ba8a9e2bc5eb34f8e2af2ab8d077048ab89384e7c8a?s=96&d=mm&r=g","contentUrl":"https:\/\/secure.gravatar.com\/avatar\/21706817544124caa9f21ba8a9e2bc5eb34f8e2af2ab8d077048ab89384e7c8a?s=96&d=mm&r=g","caption":"sts"},"url":"https:\/\/reflectyourstyle.ch\/fr\/author\/sts\/"}]}},"_links":{"self":[{"href":"https:\/\/reflectyourstyle.ch\/fr\/wp-json\/wp\/v2\/posts\/3303","targetHints":{"allow":["GET"]}}],"collection":[{"href":"https:\/\/reflectyourstyle.ch\/fr\/wp-json\/wp\/v2\/posts"}],"about":[{"href":"https:\/\/reflectyourstyle.ch\/fr\/wp-json\/wp\/v2\/types\/post"}],"author":[{"embeddable":true,"href":"https:\/\/reflectyourstyle.ch\/fr\/wp-json\/wp\/v2\/users\/5"}],"replies":[{"embeddable":true,"href":"https:\/\/reflectyourstyle.ch\/fr\/wp-json\/wp\/v2\/comments?post=3303"}],"version-history":[{"count":9,"href":"https:\/\/reflectyourstyle.ch\/fr\/wp-json\/wp\/v2\/posts\/3303\/revisions"}],"predecessor-version":[{"id":3998,"href":"https:\/\/reflectyourstyle.ch\/fr\/wp-json\/wp\/v2\/posts\/3303\/revisions\/3998"}],"wp:featuredmedia":[{"embeddable":true,"href":"https:\/\/reflectyourstyle.ch\/fr\/wp-json\/wp\/v2\/media\/3310"}],"wp:attachment":[{"href":"https:\/\/reflectyourstyle.ch\/fr\/wp-json\/wp\/v2\/media?parent=3303"}],"wp:term":[{"taxonomy":"category","embeddable":true,"href":"https:\/\/reflectyourstyle.ch\/fr\/wp-json\/wp\/v2\/categories?post=3303"},{"taxonomy":"post_tag","embeddable":true,"href":"https:\/\/reflectyourstyle.ch\/fr\/wp-json\/wp\/v2\/tags?post=3303"}],"curies":[{"name":"wp","href":"https:\/\/api.w.org\/{rel}","templated":true}]}}