{"id":4222,"date":"2025-02-26T10:29:37","date_gmt":"2025-02-26T09:29:37","guid":{"rendered":"https:\/\/reflectyourstyle.ch\/reparation-et-soins\/"},"modified":"2025-03-03T10:47:49","modified_gmt":"2025-03-03T09:47:49","slug":"challenge-repair-and-care","status":"publish","type":"post","link":"https:\/\/reflectyourstyle.ch\/fr\/challenge-repair-and-care\/","title":{"rendered":"R\u00e9paration et soins"},"content":{"rendered":"\n<div class=\"wp-block-group\"><div class=\"wp-block-group__inner-container is-layout-constrained wp-block-group-is-layout-constrained\">\n<div class=\"wp-block-cover alignfull has-parallax hero wp-duotone-unset-1\" style=\"margin-top:0;padding-top:48px;padding-right:48px;padding-bottom:48px;padding-left:48px;min-height:100vh;aspect-ratio:unset;\"><span aria-hidden=\"true\" class=\"wp-block-cover__background has-background-dim-30 has-background-dim\" style=\"background-color:#9e6b7c\"><\/span><div class=\"wp-block-cover__image-background wp-image-4254 has-parallax\" style=\"background-position:50% 50%;background-image:url(https:\/\/reflectyourstyle.ch\/wp-content\/uploads\/2025\/02\/sewing-318519_1280.jpg)\"><\/div><div class=\"wp-block-cover__inner-container is-layout-flow wp-block-cover-is-layout-flow\">\n<h1 class=\"wp-block-heading has-text-align-center\"><strong>Pr\u00eat \u00e0 relever un d\u00e9fi ?<\/strong><\/h1>\n\n\n\n<h2 class=\"wp-block-heading has-text-align-center\">raccommoder, entretenir, porter plus loin<\/h2>\n<\/div><\/div>\n\n\n\n<section class=\"content bright  fullwidth\" style=\"--gradient:#f7b7ec, #ed5ae3\">\n<div class=\"content\">\t\n\t\t\n\n\n\n\n<div class=\"wp-block-group bigger\"><div class=\"wp-block-group__inner-container is-layout-constrained wp-block-group-is-layout-constrained\">\n<p class=\"has-text-align-center\">Par exemple, si vous ne r\u00e9parez <strong>qu&rsquo;un seul<\/strong> jean, <br>au lieu d&rsquo;en acheter un nouveau, vous ferez des \u00e9conomies :<\/p>\n\n\n\n<p class=\"has-text-align-center\">Environ 33 kg de CO2, ce qui correspond aux \u00e9missions qui seraient produites par un trajet en voiture de Zurich \u00e0 Munich.<\/p>\n\n\n\n<p class=\"has-text-align-center\">Environ 10.000 litres d&rsquo;eau, soit l&rsquo;\u00e9quivalent de ce qu&rsquo;une personne boirait en <strong>10 ans<\/strong>.<\/p>\n\n\n\n<p class=\"has-text-align-center\">Si vous portez des v\u00eatements ne serait-ce que 9 mois de plus, vous pouvez <strong>r\u00e9duire<\/strong> votre <strong>empreinte \u00e9cologique<\/strong> <strong>de 20 \u00e0 30 %<\/strong>. <\/p>\n\n\n\n<p class=\"has-text-align-center\">Plut\u00f4t encourageant !<\/p>\n\n\n\n<p class=\"has-text-align-center\"><strong>Commencez simplement par votre premier v\u00eatement.<\/strong><\/p>\n<\/div><\/div>\n\n\n<\/section><\/div>\n<section class=\"content bright  fullwidth\" style=\"--gradient:#ed5ae3, #4e64e0\">\n<div class=\"content\">\t\n\t\t\n\n\n\n\n<div class=\"wp-block-columns icons-dist is-layout-flex wp-container-core-columns-is-layout-9d6595d7 wp-block-columns-is-layout-flex\">\n<div class=\"wp-block-column is-layout-flow wp-block-column-is-layout-flow\">\n<h3 class=\"wp-block-heading has-text-align-center\">Apprenez et commencez !<\/h3>\n\n\n\n<p class=\"has-text-align-center\">Apprenez les bases de la r\u00e9paration et les techniques de nettoyage essentielles pour profiter longtemps de vos v\u00eatements gr\u00e2ce \u00e0 nos guides pratiques.  <\/p>\n\n\n\n<div class=\"wp-block-buttons is-content-justification-center is-layout-flex wp-container-core-buttons-is-layout-16018d1d wp-block-buttons-is-layout-flex\">\n<div class=\"wp-block-button\"><a class=\"wp-block-button__link wp-element-button\" href=\"https:\/\/reflectyourstyle.ch\/fr\/brings-dir-bei\/\">Regarder maintenant<\/a><\/div>\n<\/div>\n<\/div>\n\n\n\n<div class=\"wp-block-column is-layout-flow wp-block-column-is-layout-flow\">\n<h3 class=\"wp-block-heading has-text-align-center\">Mettez vos v\u00eatements en valeur !<\/h3>\n\n\n\n<p class=\"has-text-align-center\">Rejoignez nos professionnels et prolongez la dur\u00e9e de vie de vos v\u00eatements. Un nettoyage professionnel, une imperm\u00e9abilisation ou une r\u00e9paration redonneront de l&rsquo;\u00e9clat \u00e0 vos v\u00eatements et \u00e0 votre \u00e9quipement.<\/p>\n\n\n\n<div class=\"wp-block-buttons is-content-justification-center is-layout-flex wp-container-core-buttons-is-layout-16018d1d wp-block-buttons-is-layout-flex\">\n<div class=\"wp-block-button\"><a class=\"wp-block-button__link wp-element-button\" href=\"\/fr\/mach-deine-kleidung-wieder-fit\/\">Trouver maintenant<\/a><\/div>\n<\/div>\n<\/div>\n\n\n\n<div class=\"wp-block-column is-layout-flow wp-block-column-is-layout-flow\">\n<h3 class=\"wp-block-heading has-text-align-center\">D\u00e9fiez-nous !<\/h3>\n\n\n\n<p class=\"has-text-align-center\">Pensez-vous que votre pi\u00e8ce pr\u00e9f\u00e9r\u00e9e est un cas d\u00e9sesp\u00e9r\u00e9 ? Nous le rendons beau ! Envoyez-nous la photo de votre v\u00eatement cass\u00e9 par <a href=\"mailto:mailto:initiative@sts2030.ch\">e-mail<\/a> ou directement sur Instagram.<\/p>\n\n\n\n<div class=\"wp-block-buttons is-content-justification-center is-layout-flex wp-container-core-buttons-is-layout-16018d1d wp-block-buttons-is-layout-flex\">\n<div class=\"wp-block-button\"><a class=\"wp-block-button__link wp-element-button\" href=\"http:\/\/instagram.com\/reflectyourstyle.ch\" target=\"_blank\" rel=\"noreferrer noopener\">Participez maintenant<\/a><\/div>\n<\/div>\n<\/div>\n<\/div>\n\n\n<\/section><\/div>\n<section class=\"content bright  fullwidth\" style=\"--gradient:#19eae7, #19eae7\">\n<div class=\"content\">\t\n\t\t\n\n\n\n\n<h2 class=\"wp-block-heading has-text-align-center display-font bigger\">Rejoignez le mouvement<\/h2>\n\n\n\n<p class=\"has-text-align-center statement\">#ChallengeAcceptedRYS<\/p>\n\n\n\n<div class=\"wp-block-buttons is-content-justification-center is-layout-flex wp-container-core-buttons-is-layout-16018d1d wp-block-buttons-is-layout-flex\">\n<div class=\"wp-block-button\"><a class=\"wp-block-button__link wp-element-button\" href=\"https:\/\/reflectyourstyle.ch\/fr\/challenges\/\">Voir tous les challenges<\/a><\/div>\n<\/div>\n<\/div><\/div>\n","protected":false},"excerpt":{"rendered":"<p>Pr\u00eat \u00e0 relever un d\u00e9fi ?<br \/>\nRapi\u00e9cer, entretenir, porter plus loin. Commencez simplement par votre premier v\u00eatement.<\/p>\n","protected":false},"author":5,"featured_media":4255,"comment_status":"closed","ping_status":"open","sticky":false,"template":"","format":"standard","meta":{"_acf_changed":false,"footnotes":""},"categories":[82],"tags":[],"class_list":["post-4222","post","type-post","status-publish","format-standard","has-post-thumbnail","hentry","category-challenges-fr"],"acf":[],"yoast_head":"<!-- This site is optimized with the Yoast SEO plugin v25.3.1 - https:\/\/yoast.com\/wordpress\/plugins\/seo\/ -->\n<title>R\u00e9paration et soins - reflect your style<\/title>\n<meta name=\"robots\" content=\"index, follow, max-snippet:-1, max-image-preview:large, max-video-preview:-1\" \/>\n<link rel=\"canonical\" href=\"https:\/\/reflectyourstyle.ch\/fr\/challenge-repair-and-care\/\" \/>\n<meta property=\"og:locale\" content=\"fr_FR\" \/>\n<meta property=\"og:type\" content=\"article\" \/>\n<meta property=\"og:title\" content=\"R\u00e9paration et soins - reflect your style\" \/>\n<meta property=\"og:description\" content=\"Pr\u00eat \u00e0 relever un d\u00e9fi ?  Rapi\u00e9cer, entretenir, porter plus loin. Commencez simplement par votre premier v\u00eatement.\" \/>\n<meta property=\"og:url\" content=\"https:\/\/reflectyourstyle.ch\/fr\/challenge-repair-and-care\/\" \/>\n<meta property=\"og:site_name\" content=\"reflect your style\" \/>\n<meta property=\"article:published_time\" content=\"2025-02-26T09:29:37+00:00\" \/>\n<meta property=\"article:modified_time\" content=\"2025-03-03T09:47:49+00:00\" \/>\n<meta property=\"og:image\" content=\"https:\/\/reflectyourstyle.ch\/wp-content\/uploads\/2025\/02\/sewing-318519_1280.jpg\" \/>\n\t<meta property=\"og:image:width\" content=\"1280\" \/>\n\t<meta property=\"og:image:height\" content=\"686\" \/>\n\t<meta property=\"og:image:type\" content=\"image\/jpeg\" \/>\n<meta name=\"author\" content=\"sts\" \/>\n<meta name=\"twitter:card\" content=\"summary_large_image\" \/>\n<meta name=\"twitter:label1\" content=\"\u00c9crit par\" \/>\n\t<meta name=\"twitter:data1\" content=\"sts\" \/>\n\t<meta name=\"twitter:label2\" content=\"Dur\u00e9e de lecture estim\u00e9e\" \/>\n\t<meta name=\"twitter:data2\" content=\"2 minutes\" \/>\n<script type=\"application\/ld+json\" class=\"yoast-schema-graph\">{\"@context\":\"https:\/\/schema.org\",\"@graph\":[{\"@type\":\"WebPage\",\"@id\":\"https:\/\/reflectyourstyle.ch\/fr\/challenge-repair-and-care\/\",\"url\":\"https:\/\/reflectyourstyle.ch\/fr\/challenge-repair-and-care\/\",\"name\":\"R\u00e9paration et soins - reflect your style\",\"isPartOf\":{\"@id\":\"https:\/\/reflectyourstyle.ch\/fr\/#website\"},\"primaryImageOfPage\":{\"@id\":\"https:\/\/reflectyourstyle.ch\/fr\/challenge-repair-and-care\/#primaryimage\"},\"image\":{\"@id\":\"https:\/\/reflectyourstyle.ch\/fr\/challenge-repair-and-care\/#primaryimage\"},\"thumbnailUrl\":\"https:\/\/reflectyourstyle.ch\/wp-content\/uploads\/2025\/02\/sewing-318519_1280.jpg\",\"datePublished\":\"2025-02-26T09:29:37+00:00\",\"dateModified\":\"2025-03-03T09:47:49+00:00\",\"author\":{\"@id\":\"https:\/\/reflectyourstyle.ch\/fr\/#\/schema\/person\/b13360ceb4867548d6a4d0fb8ea65748\"},\"breadcrumb\":{\"@id\":\"https:\/\/reflectyourstyle.ch\/fr\/challenge-repair-and-care\/#breadcrumb\"},\"inLanguage\":\"fr-FR\",\"potentialAction\":[{\"@type\":\"ReadAction\",\"target\":[\"https:\/\/reflectyourstyle.ch\/fr\/challenge-repair-and-care\/\"]}]},{\"@type\":\"ImageObject\",\"inLanguage\":\"fr-FR\",\"@id\":\"https:\/\/reflectyourstyle.ch\/fr\/challenge-repair-and-care\/#primaryimage\",\"url\":\"https:\/\/reflectyourstyle.ch\/wp-content\/uploads\/2025\/02\/sewing-318519_1280.jpg\",\"contentUrl\":\"https:\/\/reflectyourstyle.ch\/wp-content\/uploads\/2025\/02\/sewing-318519_1280.jpg\",\"width\":1280,\"height\":686},{\"@type\":\"BreadcrumbList\",\"@id\":\"https:\/\/reflectyourstyle.ch\/fr\/challenge-repair-and-care\/#breadcrumb\",\"itemListElement\":[{\"@type\":\"ListItem\",\"position\":1,\"name\":\"Startseite\",\"item\":\"https:\/\/reflectyourstyle.ch\/fr\/\"},{\"@type\":\"ListItem\",\"position\":2,\"name\":\"R\u00e9paration et soins\"}]},{\"@type\":\"WebSite\",\"@id\":\"https:\/\/reflectyourstyle.ch\/fr\/#website\",\"url\":\"https:\/\/reflectyourstyle.ch\/fr\/\",\"name\":\"reflect your style\",\"description\":\"\",\"potentialAction\":[{\"@type\":\"SearchAction\",\"target\":{\"@type\":\"EntryPoint\",\"urlTemplate\":\"https:\/\/reflectyourstyle.ch\/fr\/?s={search_term_string}\"},\"query-input\":{\"@type\":\"PropertyValueSpecification\",\"valueRequired\":true,\"valueName\":\"search_term_string\"}}],\"inLanguage\":\"fr-FR\"},{\"@type\":\"Person\",\"@id\":\"https:\/\/reflectyourstyle.ch\/fr\/#\/schema\/person\/b13360ceb4867548d6a4d0fb8ea65748\",\"name\":\"sts\",\"image\":{\"@type\":\"ImageObject\",\"inLanguage\":\"fr-FR\",\"@id\":\"https:\/\/reflectyourstyle.ch\/fr\/#\/schema\/person\/image\/\",\"url\":\"https:\/\/secure.gravatar.com\/avatar\/21706817544124caa9f21ba8a9e2bc5eb34f8e2af2ab8d077048ab89384e7c8a?s=96&d=mm&r=g\",\"contentUrl\":\"https:\/\/secure.gravatar.com\/avatar\/21706817544124caa9f21ba8a9e2bc5eb34f8e2af2ab8d077048ab89384e7c8a?s=96&d=mm&r=g\",\"caption\":\"sts\"},\"url\":\"https:\/\/reflectyourstyle.ch\/fr\/author\/sts\/\"}]}<\/script>\n<!-- \/ Yoast SEO plugin. -->","yoast_head_json":{"title":"R\u00e9paration et soins - reflect your style","robots":{"index":"index","follow":"follow","max-snippet":"max-snippet:-1","max-image-preview":"max-image-preview:large","max-video-preview":"max-video-preview:-1"},"canonical":"https:\/\/reflectyourstyle.ch\/fr\/challenge-repair-and-care\/","og_locale":"fr_FR","og_type":"article","og_title":"R\u00e9paration et soins - reflect your style","og_description":"Pr\u00eat \u00e0 relever un d\u00e9fi ?  Rapi\u00e9cer, entretenir, porter plus loin. Commencez simplement par votre premier v\u00eatement.","og_url":"https:\/\/reflectyourstyle.ch\/fr\/challenge-repair-and-care\/","og_site_name":"reflect your style","article_published_time":"2025-02-26T09:29:37+00:00","article_modified_time":"2025-03-03T09:47:49+00:00","og_image":[{"width":1280,"height":686,"url":"https:\/\/reflectyourstyle.ch\/wp-content\/uploads\/2025\/02\/sewing-318519_1280.jpg","type":"image\/jpeg"}],"author":"sts","twitter_card":"summary_large_image","twitter_misc":{"\u00c9crit par":"sts","Dur\u00e9e de lecture estim\u00e9e":"2 minutes"},"schema":{"@context":"https:\/\/schema.org","@graph":[{"@type":"WebPage","@id":"https:\/\/reflectyourstyle.ch\/fr\/challenge-repair-and-care\/","url":"https:\/\/reflectyourstyle.ch\/fr\/challenge-repair-and-care\/","name":"R\u00e9paration et soins - reflect your style","isPartOf":{"@id":"https:\/\/reflectyourstyle.ch\/fr\/#website"},"primaryImageOfPage":{"@id":"https:\/\/reflectyourstyle.ch\/fr\/challenge-repair-and-care\/#primaryimage"},"image":{"@id":"https:\/\/reflectyourstyle.ch\/fr\/challenge-repair-and-care\/#primaryimage"},"thumbnailUrl":"https:\/\/reflectyourstyle.ch\/wp-content\/uploads\/2025\/02\/sewing-318519_1280.jpg","datePublished":"2025-02-26T09:29:37+00:00","dateModified":"2025-03-03T09:47:49+00:00","author":{"@id":"https:\/\/reflectyourstyle.ch\/fr\/#\/schema\/person\/b13360ceb4867548d6a4d0fb8ea65748"},"breadcrumb":{"@id":"https:\/\/reflectyourstyle.ch\/fr\/challenge-repair-and-care\/#breadcrumb"},"inLanguage":"fr-FR","potentialAction":[{"@type":"ReadAction","target":["https:\/\/reflectyourstyle.ch\/fr\/challenge-repair-and-care\/"]}]},{"@type":"ImageObject","inLanguage":"fr-FR","@id":"https:\/\/reflectyourstyle.ch\/fr\/challenge-repair-and-care\/#primaryimage","url":"https:\/\/reflectyourstyle.ch\/wp-content\/uploads\/2025\/02\/sewing-318519_1280.jpg","contentUrl":"https:\/\/reflectyourstyle.ch\/wp-content\/uploads\/2025\/02\/sewing-318519_1280.jpg","width":1280,"height":686},{"@type":"BreadcrumbList","@id":"https:\/\/reflectyourstyle.ch\/fr\/challenge-repair-and-care\/#breadcrumb","itemListElement":[{"@type":"ListItem","position":1,"name":"Startseite","item":"https:\/\/reflectyourstyle.ch\/fr\/"},{"@type":"ListItem","position":2,"name":"R\u00e9paration et soins"}]},{"@type":"WebSite","@id":"https:\/\/reflectyourstyle.ch\/fr\/#website","url":"https:\/\/reflectyourstyle.ch\/fr\/","name":"reflect your style","description":"","potentialAction":[{"@type":"SearchAction","target":{"@type":"EntryPoint","urlTemplate":"https:\/\/reflectyourstyle.ch\/fr\/?s={search_term_string}"},"query-input":{"@type":"PropertyValueSpecification","valueRequired":true,"valueName":"search_term_string"}}],"inLanguage":"fr-FR"},{"@type":"Person","@id":"https:\/\/reflectyourstyle.ch\/fr\/#\/schema\/person\/b13360ceb4867548d6a4d0fb8ea65748","name":"sts","image":{"@type":"ImageObject","inLanguage":"fr-FR","@id":"https:\/\/reflectyourstyle.ch\/fr\/#\/schema\/person\/image\/","url":"https:\/\/secure.gravatar.com\/avatar\/21706817544124caa9f21ba8a9e2bc5eb34f8e2af2ab8d077048ab89384e7c8a?s=96&d=mm&r=g","contentUrl":"https:\/\/secure.gravatar.com\/avatar\/21706817544124caa9f21ba8a9e2bc5eb34f8e2af2ab8d077048ab89384e7c8a?s=96&d=mm&r=g","caption":"sts"},"url":"https:\/\/reflectyourstyle.ch\/fr\/author\/sts\/"}]}},"_links":{"self":[{"href":"https:\/\/reflectyourstyle.ch\/fr\/wp-json\/wp\/v2\/posts\/4222","targetHints":{"allow":["GET"]}}],"collection":[{"href":"https:\/\/reflectyourstyle.ch\/fr\/wp-json\/wp\/v2\/posts"}],"about":[{"href":"https:\/\/reflectyourstyle.ch\/fr\/wp-json\/wp\/v2\/types\/post"}],"author":[{"embeddable":true,"href":"https:\/\/reflectyourstyle.ch\/fr\/wp-json\/wp\/v2\/users\/5"}],"replies":[{"embeddable":true,"href":"https:\/\/reflectyourstyle.ch\/fr\/wp-json\/wp\/v2\/comments?post=4222"}],"version-history":[{"count":18,"href":"https:\/\/reflectyourstyle.ch\/fr\/wp-json\/wp\/v2\/posts\/4222\/revisions"}],"predecessor-version":[{"id":4342,"href":"https:\/\/reflectyourstyle.ch\/fr\/wp-json\/wp\/v2\/posts\/4222\/revisions\/4342"}],"wp:featuredmedia":[{"embeddable":true,"href":"https:\/\/reflectyourstyle.ch\/fr\/wp-json\/wp\/v2\/media\/4255"}],"wp:attachment":[{"href":"https:\/\/reflectyourstyle.ch\/fr\/wp-json\/wp\/v2\/media?parent=4222"}],"wp:term":[{"taxonomy":"category","embeddable":true,"href":"https:\/\/reflectyourstyle.ch\/fr\/wp-json\/wp\/v2\/categories?post=4222"},{"taxonomy":"post_tag","embeddable":true,"href":"https:\/\/reflectyourstyle.ch\/fr\/wp-json\/wp\/v2\/tags?post=4222"}],"curies":[{"name":"wp","href":"https:\/\/api.w.org\/{rel}","templated":true}]}}